{"id":51657,"date":"2025-08-28T09:15:00","date_gmt":"2025-08-28T06:15:00","guid":{"rendered":"https:\/\/www.egemtv.com\/?p=51657"},"modified":"2025-08-28T09:15:02","modified_gmt":"2025-08-28T06:15:02","slug":"motosiklet-ile-otomobil-kavsakta-carpisti-1-yarali","status":"publish","type":"post","link":"https:\/\/www.egemtv.com\/?p=51657","title":{"rendered":"Motosiklet ile otomobil kav\u015fakta \u00e7arp\u0131\u015ft\u0131: 1 yaral\u0131"},"content":{"rendered":"<p>Isparta\u2019n\u0131n \u015earkikaraa\u011fa\u00e7 il\u00e7esinde kav\u015fakta otomobil ile \u00e7arp\u0131\u015fan motosikletin s\u00fcr\u00fcc\u00fcs\u00fc yaraland\u0131.<br \/>\n<br \/>Kaza, \u015earkikaraa\u011fa\u00e7\u2019a ba\u011fl\u0131 Ulvikale Mahallesi 101. \u00c7evre Yolu Caddesi \u00fczerinde meydana geldi. Edinilen bilgiye g\u00f6re, Ali U. hakimiyetindeki 07 CCT 060 plakal\u0131 otomobil ile Abdurrahman H. idaresindeki 32 AN 403 plakal\u0131 motosiklet kav\u015fakta \u00e7arp\u0131\u015ft\u0131. Kazada yola savrulan motosikletli yaraland\u0131. \u00c7evredekilerin ihbar\u0131 \u00fczerine b\u00f6lgeye polis ve sa\u011fl\u0131k ekibi sevk edildi. \u0130lk m\u00fcdahalesinin ard\u0131ndan yaral\u0131 s\u00fcr\u00fcc\u00fc ambulansla \u015earkikaraa\u011fa\u00e7 Devlet Hastanesi\u2019ne kald\u0131r\u0131ld\u0131. Kaza ile ilgili inceleme ba\u015flat\u0131ld\u0131.<\/p>\n","protected":false},"excerpt":{"rendered":"<p>Isparta\u2019n\u0131n \u015earkikaraa\u011fa\u00e7 il\u00e7esinde kav\u015fakta otomobil ile \u00e7arp\u0131\u015fan motosikletin s\u00fcr\u00fcc\u00fcs\u00fc yaraland\u0131. Kaza, \u015earkikaraa\u011fa\u00e7\u2019a ba\u011fl\u0131 Ulvikale Mahallesi 101. \u00c7evre Yolu Caddesi \u00fczerinde meydana geldi. Edinilen bilgiye g\u00f6re, Ali U. hakimiyetindeki 07 CCT 060 plakal\u0131 otomobil ile Abdurrahman H. idaresindeki 32 AN 403 plakal\u0131 motosiklet kav\u015fakta \u00e7arp\u0131\u015ft\u0131. Kazada yola savrulan motosikletli yaraland\u0131. \u00c7evredekilerin ihbar\u0131 \u00fczerine b\u00f6lgeye polis ve&#8230;<\/p>\n","protected":false},"author":1,"featured_media":51658,"comment_status":"open","ping_status":"open","sticky":false,"template":"","format":"standard","meta":{"_crdt_document":"","footnotes":""},"categories":[5],"tags":[],"class_list":["post-51657","post","type-post","status-publish","format-standard","has-post-thumbnail","hentry","category-asayis"],"_links":{"self":[{"href":"https:\/\/www.egemtv.com\/index.php?rest_route=\/wp\/v2\/posts\/51657","targetHints":{"allow":["GET"]}}],"collection":[{"href":"https:\/\/www.egemtv.com\/index.php?rest_route=\/wp\/v2\/posts"}],"about":[{"href":"https:\/\/www.egemtv.com\/index.php?rest_route=\/wp\/v2\/types\/post"}],"author":[{"embeddable":true,"href":"https:\/\/www.egemtv.com\/index.php?rest_route=\/wp\/v2\/users\/1"}],"replies":[{"embeddable":true,"href":"https:\/\/www.egemtv.com\/index.php?rest_route=%2Fwp%2Fv2%2Fcomments&post=51657"}],"version-history":[{"count":1,"href":"https:\/\/www.egemtv.com\/index.php?rest_route=\/wp\/v2\/posts\/51657\/revisions"}],"predecessor-version":[{"id":51659,"href":"https:\/\/www.egemtv.com\/index.php?rest_route=\/wp\/v2\/posts\/51657\/revisions\/51659"}],"wp:featuredmedia":[{"embeddable":true,"href":"https:\/\/www.egemtv.com\/index.php?rest_route=\/wp\/v2\/media\/51658"}],"wp:attachment":[{"href":"https:\/\/www.egemtv.com\/index.php?rest_route=%2Fwp%2Fv2%2Fmedia&parent=51657"}],"wp:term":[{"taxonomy":"category","embeddable":true,"href":"https:\/\/www.egemtv.com\/index.php?rest_route=%2Fwp%2Fv2%2Fcategories&post=51657"},{"taxonomy":"post_tag","embeddable":true,"href":"https:\/\/www.egemtv.com\/index.php?rest_route=%2Fwp%2Fv2%2Ftags&post=51657"}],"curies":[{"name":"wp","href":"https:\/\/api.w.org\/{rel}","templated":true}]}}