{"id":51654,"date":"2025-08-28T08:54:47","date_gmt":"2025-08-28T05:54:47","guid":{"rendered":"https:\/\/www.egemtv.com\/?p=51654"},"modified":"2025-08-28T08:54:48","modified_gmt":"2025-08-28T05:54:48","slug":"incir-hirsizi-yakalandi","status":"publish","type":"post","link":"https:\/\/www.egemtv.com\/?p=51654","title":{"rendered":"\u0130ncir h\u0131rs\u0131z\u0131 yakaland\u0131"},"content":{"rendered":"<p>Ayd\u0131n\u2019\u0131n Ko\u00e7arl\u0131 il\u00e7esinde bir bah\u00e7eden incir \u00e7alan \u015fah\u0131s jandarma ekipleri taraf\u0131ndan yakaland\u0131.<\/p>\n<p>Ko\u00e7arl\u0131 il\u00e7esi B\u0131y\u0131kl\u0131 Mahallesi\u2019nde E.A. isimli \u015fahsa ait bah\u00e7eden yakla\u015f\u0131k bir miktar incir \u00e7al\u0131nmas\u0131 ihbar\u0131n\u0131n ard\u0131ndan olayla ilgili \u00e7al\u0131\u015fma ba\u015flat\u0131ld\u0131. Ko\u00e7arl\u0131 \u0130l\u00e7e Jandarma Komutanl\u0131\u011f\u0131nca tar\u0131msal \u00fcr\u00fcn h\u0131rs\u0131zl\u0131\u011f\u0131na y\u00f6nelik yap\u0131lan ara\u015ft\u0131rma sonucu T.T. isimli \u015f\u00fcpheli \u015fah\u0131s tespit edilerek incir ile birlikte ayn\u0131 g\u00fcn yakaland\u0131. \u015e\u00fcpheli \u015fah\u0131s hakk\u0131nda adli s\u00fcrecin devam etti\u011fi \u00f6\u011frenildi.<br \/><\/p>\n","protected":false},"excerpt":{"rendered":"<p>Ayd\u0131n\u2019\u0131n Ko\u00e7arl\u0131 il\u00e7esinde bir bah\u00e7eden incir \u00e7alan \u015fah\u0131s jandarma ekipleri taraf\u0131ndan yakaland\u0131. Ko\u00e7arl\u0131 il\u00e7esi B\u0131y\u0131kl\u0131 Mahallesi\u2019nde E.A. isimli \u015fahsa ait bah\u00e7eden yakla\u015f\u0131k bir miktar incir \u00e7al\u0131nmas\u0131 ihbar\u0131n\u0131n ard\u0131ndan olayla ilgili \u00e7al\u0131\u015fma ba\u015flat\u0131ld\u0131. Ko\u00e7arl\u0131 \u0130l\u00e7e Jandarma Komutanl\u0131\u011f\u0131nca tar\u0131msal \u00fcr\u00fcn h\u0131rs\u0131zl\u0131\u011f\u0131na y\u00f6nelik yap\u0131lan ara\u015ft\u0131rma sonucu T.T. isimli \u015f\u00fcpheli \u015fah\u0131s tespit edilerek incir ile birlikte ayn\u0131 g\u00fcn yakaland\u0131&#8230;.<\/p>\n","protected":false},"author":1,"featured_media":51655,"comment_status":"open","ping_status":"open","sticky":false,"template":"","format":"standard","meta":{"_crdt_document":"","footnotes":""},"categories":[5],"tags":[],"class_list":["post-51654","post","type-post","status-publish","format-standard","has-post-thumbnail","hentry","category-asayis"],"_links":{"self":[{"href":"https:\/\/www.egemtv.com\/index.php?rest_route=\/wp\/v2\/posts\/51654","targetHints":{"allow":["GET"]}}],"collection":[{"href":"https:\/\/www.egemtv.com\/index.php?rest_route=\/wp\/v2\/posts"}],"about":[{"href":"https:\/\/www.egemtv.com\/index.php?rest_route=\/wp\/v2\/types\/post"}],"author":[{"embeddable":true,"href":"https:\/\/www.egemtv.com\/index.php?rest_route=\/wp\/v2\/users\/1"}],"replies":[{"embeddable":true,"href":"https:\/\/www.egemtv.com\/index.php?rest_route=%2Fwp%2Fv2%2Fcomments&post=51654"}],"version-history":[{"count":1,"href":"https:\/\/www.egemtv.com\/index.php?rest_route=\/wp\/v2\/posts\/51654\/revisions"}],"predecessor-version":[{"id":51656,"href":"https:\/\/www.egemtv.com\/index.php?rest_route=\/wp\/v2\/posts\/51654\/revisions\/51656"}],"wp:featuredmedia":[{"embeddable":true,"href":"https:\/\/www.egemtv.com\/index.php?rest_route=\/wp\/v2\/media\/51655"}],"wp:attachment":[{"href":"https:\/\/www.egemtv.com\/index.php?rest_route=%2Fwp%2Fv2%2Fmedia&parent=51654"}],"wp:term":[{"taxonomy":"category","embeddable":true,"href":"https:\/\/www.egemtv.com\/index.php?rest_route=%2Fwp%2Fv2%2Fcategories&post=51654"},{"taxonomy":"post_tag","embeddable":true,"href":"https:\/\/www.egemtv.com\/index.php?rest_route=%2Fwp%2Fv2%2Ftags&post=51654"}],"curies":[{"name":"wp","href":"https:\/\/api.w.org\/{rel}","templated":true}]}}