{"id":51651,"date":"2025-08-28T08:54:45","date_gmt":"2025-08-28T05:54:45","guid":{"rendered":"https:\/\/www.egemtv.com\/?p=51651"},"modified":"2025-08-28T08:54:47","modified_gmt":"2025-08-28T05:54:47","slug":"incirliovada-alkol-ve-tutun-denetimi","status":"publish","type":"post","link":"https:\/\/www.egemtv.com\/?p=51651","title":{"rendered":"\u0130ncirliova\u2019da alkol ve t\u00fct\u00fcn denetimi"},"content":{"rendered":"<p>Ayd\u0131n\u2019\u0131n \u0130ncirliova il\u00e7esinde i\u015f yerlerinde ka\u00e7ak alkol ve t\u00fct\u00fcn denetimi ger\u00e7ekle\u015ftirildi.<br \/>\n<br \/>\u0130ncirliova \u0130l\u00e7e Jandarma Komutanl\u0131\u011f\u0131nca \u0130ncirliova il\u00e7esi Erbeyli, ve S\u0131n\u0131rteke Mahallelerinde bulunan ve alkol\/t\u00fct\u00fcn sat\u0131\u015f\u0131 yapan i\u015fyerlerinde akacak t\u00fct\u00fcn\/alkol denetimi yap\u0131ld\u0131.<br \/>\n<br \/>Ka\u00e7ak alkol\/t\u00fct\u00fcn sat\u0131\u015f\u0131n\u0131n TCK kapsam\u0131nda su\u00e7 te\u015fkil edilerek adli ve idari yapt\u0131r\u0131m uyguland\u0131\u011f\u0131 konusunda i\u015fyerleri bilgilendirilirken, denetimlerin devam edece\u011fi \u00f6\u011frenildi.<br \/><\/p>\n","protected":false},"excerpt":{"rendered":"<p>Ayd\u0131n\u2019\u0131n \u0130ncirliova il\u00e7esinde i\u015f yerlerinde ka\u00e7ak alkol ve t\u00fct\u00fcn denetimi ger\u00e7ekle\u015ftirildi. \u0130ncirliova \u0130l\u00e7e Jandarma Komutanl\u0131\u011f\u0131nca \u0130ncirliova il\u00e7esi Erbeyli, ve S\u0131n\u0131rteke Mahallelerinde bulunan ve alkol\/t\u00fct\u00fcn sat\u0131\u015f\u0131 yapan i\u015fyerlerinde akacak t\u00fct\u00fcn\/alkol denetimi yap\u0131ld\u0131. Ka\u00e7ak alkol\/t\u00fct\u00fcn sat\u0131\u015f\u0131n\u0131n TCK kapsam\u0131nda su\u00e7 te\u015fkil edilerek adli ve idari yapt\u0131r\u0131m uyguland\u0131\u011f\u0131 konusunda i\u015fyerleri bilgilendirilirken, denetimlerin devam edece\u011fi \u00f6\u011frenildi.<\/p>\n","protected":false},"author":1,"featured_media":51652,"comment_status":"open","ping_status":"open","sticky":false,"template":"","format":"standard","meta":{"_crdt_document":"","footnotes":""},"categories":[5],"tags":[],"class_list":["post-51651","post","type-post","status-publish","format-standard","has-post-thumbnail","hentry","category-asayis"],"_links":{"self":[{"href":"https:\/\/www.egemtv.com\/index.php?rest_route=\/wp\/v2\/posts\/51651","targetHints":{"allow":["GET"]}}],"collection":[{"href":"https:\/\/www.egemtv.com\/index.php?rest_route=\/wp\/v2\/posts"}],"about":[{"href":"https:\/\/www.egemtv.com\/index.php?rest_route=\/wp\/v2\/types\/post"}],"author":[{"embeddable":true,"href":"https:\/\/www.egemtv.com\/index.php?rest_route=\/wp\/v2\/users\/1"}],"replies":[{"embeddable":true,"href":"https:\/\/www.egemtv.com\/index.php?rest_route=%2Fwp%2Fv2%2Fcomments&post=51651"}],"version-history":[{"count":1,"href":"https:\/\/www.egemtv.com\/index.php?rest_route=\/wp\/v2\/posts\/51651\/revisions"}],"predecessor-version":[{"id":51653,"href":"https:\/\/www.egemtv.com\/index.php?rest_route=\/wp\/v2\/posts\/51651\/revisions\/51653"}],"wp:featuredmedia":[{"embeddable":true,"href":"https:\/\/www.egemtv.com\/index.php?rest_route=\/wp\/v2\/media\/51652"}],"wp:attachment":[{"href":"https:\/\/www.egemtv.com\/index.php?rest_route=%2Fwp%2Fv2%2Fmedia&parent=51651"}],"wp:term":[{"taxonomy":"category","embeddable":true,"href":"https:\/\/www.egemtv.com\/index.php?rest_route=%2Fwp%2Fv2%2Fcategories&post=51651"},{"taxonomy":"post_tag","embeddable":true,"href":"https:\/\/www.egemtv.com\/index.php?rest_route=%2Fwp%2Fv2%2Ftags&post=51651"}],"curies":[{"name":"wp","href":"https:\/\/api.w.org\/{rel}","templated":true}]}}