{"id":51648,"date":"2025-08-28T08:54:44","date_gmt":"2025-08-28T05:54:44","guid":{"rendered":"https:\/\/www.egemtv.com\/?p=51648"},"modified":"2025-08-28T08:54:45","modified_gmt":"2025-08-28T05:54:45","slug":"jandarmanin-orman-devriyesi-suruyor","status":"publish","type":"post","link":"https:\/\/www.egemtv.com\/?p=51648","title":{"rendered":"Jandarman\u0131n orman devriyesi s\u00fcr\u00fcyor"},"content":{"rendered":"<p>Ayd\u0131n\u2019\u0131n d\u00f6rt il\u00e7esinde jandarma ekipleri taraf\u0131ndan yang\u0131nlara kar\u015f\u0131 ormanl\u0131k alanlarda devriye faaliyetleri devam ediyor.<\/p>\n<p>Ayd\u0131n \u0130l Jandarma Komutanl\u0131\u011f\u0131nca orman yang\u0131nlar\u0131n\u0131n \u00f6nlenmesi amac\u0131yla devriye faaliyetlerine ve vatanda\u015flar\u0131m\u0131z\u0131n orman yang\u0131nlar\u0131na kar\u015f\u0131 gerekli tedbirlerin al\u0131nmas\u0131 amac\u0131yla \u00c7ine, Karpuzlu, K\u00f6\u015fk, Ku\u015fadas\u0131 il\u00e7elerinde devriye faaliyeti ger\u00e7ekle\u015ftirildi. Faaliyet esnas\u0131nda belli noktalarda kontrol edilen vatanda\u015flara orman yang\u0131nlar\u0131n\u0131n \u00f6nlenmesi amac\u0131yla bilgilendirme yap\u0131larak fark\u0131ndal\u0131k olu\u015fturmak amac\u0131yla bro\u015f\u00fcr verildi.<br \/>\n<br \/>Jandarma taraf\u0131ndan yap\u0131lan a\u00e7\u0131klamada, &#8220;Gelecek nesillere bu g\u00fczellikleri ula\u015ft\u0131rabilmek amac\u0131yla ormanlar\u0131m\u0131z ve hayvanlar\u0131n do\u011fal ya\u015fam alanlar\u0131 \u0130HA ve Dron ile s\u00fcrekli kontrol edilmeye devam edilmektedir&#8221; denildi.<br \/><\/p>\n","protected":false},"excerpt":{"rendered":"<p>Ayd\u0131n\u2019\u0131n d\u00f6rt il\u00e7esinde jandarma ekipleri taraf\u0131ndan yang\u0131nlara kar\u015f\u0131 ormanl\u0131k alanlarda devriye faaliyetleri devam ediyor. Ayd\u0131n \u0130l Jandarma Komutanl\u0131\u011f\u0131nca orman yang\u0131nlar\u0131n\u0131n \u00f6nlenmesi amac\u0131yla devriye faaliyetlerine ve vatanda\u015flar\u0131m\u0131z\u0131n orman yang\u0131nlar\u0131na kar\u015f\u0131 gerekli tedbirlerin al\u0131nmas\u0131 amac\u0131yla \u00c7ine, Karpuzlu, K\u00f6\u015fk, Ku\u015fadas\u0131 il\u00e7elerinde devriye faaliyeti ger\u00e7ekle\u015ftirildi. Faaliyet esnas\u0131nda belli noktalarda kontrol edilen vatanda\u015flara orman yang\u0131nlar\u0131n\u0131n \u00f6nlenmesi amac\u0131yla bilgilendirme yap\u0131larak fark\u0131ndal\u0131k&#8230;<\/p>\n","protected":false},"author":1,"featured_media":51649,"comment_status":"open","ping_status":"open","sticky":false,"template":"","format":"standard","meta":{"_crdt_document":"","footnotes":""},"categories":[5],"tags":[],"class_list":["post-51648","post","type-post","status-publish","format-standard","has-post-thumbnail","hentry","category-asayis"],"_links":{"self":[{"href":"https:\/\/www.egemtv.com\/index.php?rest_route=\/wp\/v2\/posts\/51648","targetHints":{"allow":["GET"]}}],"collection":[{"href":"https:\/\/www.egemtv.com\/index.php?rest_route=\/wp\/v2\/posts"}],"about":[{"href":"https:\/\/www.egemtv.com\/index.php?rest_route=\/wp\/v2\/types\/post"}],"author":[{"embeddable":true,"href":"https:\/\/www.egemtv.com\/index.php?rest_route=\/wp\/v2\/users\/1"}],"replies":[{"embeddable":true,"href":"https:\/\/www.egemtv.com\/index.php?rest_route=%2Fwp%2Fv2%2Fcomments&post=51648"}],"version-history":[{"count":1,"href":"https:\/\/www.egemtv.com\/index.php?rest_route=\/wp\/v2\/posts\/51648\/revisions"}],"predecessor-version":[{"id":51650,"href":"https:\/\/www.egemtv.com\/index.php?rest_route=\/wp\/v2\/posts\/51648\/revisions\/51650"}],"wp:featuredmedia":[{"embeddable":true,"href":"https:\/\/www.egemtv.com\/index.php?rest_route=\/wp\/v2\/media\/51649"}],"wp:attachment":[{"href":"https:\/\/www.egemtv.com\/index.php?rest_route=%2Fwp%2Fv2%2Fmedia&parent=51648"}],"wp:term":[{"taxonomy":"category","embeddable":true,"href":"https:\/\/www.egemtv.com\/index.php?rest_route=%2Fwp%2Fv2%2Fcategories&post=51648"},{"taxonomy":"post_tag","embeddable":true,"href":"https:\/\/www.egemtv.com\/index.php?rest_route=%2Fwp%2Fv2%2Ftags&post=51648"}],"curies":[{"name":"wp","href":"https:\/\/api.w.org\/{rel}","templated":true}]}}