{"id":51645,"date":"2025-08-28T06:55:34","date_gmt":"2025-08-28T03:55:34","guid":{"rendered":"https:\/\/www.egemtv.com\/?p=51645"},"modified":"2025-08-28T06:55:35","modified_gmt":"2025-08-28T03:55:35","slug":"manisada-iki-otomobil-kafa-kafaya-carpisti-7-yarali","status":"publish","type":"post","link":"https:\/\/www.egemtv.com\/?p=51645","title":{"rendered":"Manisa\u2019da iki otomobil kafa kafaya \u00e7arp\u0131\u015ft\u0131: 7 yaral\u0131"},"content":{"rendered":"<p>Manisa\u2019n\u0131n Demirci il\u00e7esinde meydana gelen trafik kazas\u0131nda 3\u2019\u00fc \u00e7ocuk 7 ki\u015fi yaraland\u0131.<br \/>\n<br \/>Demirci-Salihli karayolunun 2. kilometresinde 45 PB 573 plakal\u0131 Mustafa Uysal (42) y\u00f6netimindeki otomobilin hatal\u0131 sollama yapmas\u0131 sonucu kar\u015f\u0131 y\u00f6nden gelen 35 PC 104 plakal\u0131 G\u00fclcan B\u00fcber (41) y\u00f6netimindeki otomobil ile \u00e7arp\u0131\u015ft\u0131. Kazan\u0131n ard\u0131ndan Mustafa Uysal\u2019a ait otomobil alev almas\u0131 sonucu \u00e7evrede bulunan vatanda\u015flar\u0131n yang\u0131n t\u00fcpleri ile m\u00fcdahalesi sonucu s\u00f6nd\u00fcr\u00fcld\u00fc.<br \/>\n<br \/>Kazada otomobil s\u00fcr\u00fcc\u00fcleri Mustafa Uysal (42), G\u00fclcan B\u00fcber (41), Sibel Uysal (41), Arda Uysal (15), Eda Uysal (10), \u00d6m\u00fcrcan Bozyi\u011fit (46) ve Muhammed Bozyi\u011fit (8) yaraland\u0131. Yaral\u0131lar olay yerine ula\u015fan itfaiye ve sa\u011fl\u0131k ekiplerince otomobilden \u00e7\u0131kararak ambulanslara ve Demirci Belediyesi hasta nakil arac\u0131na al\u0131narak Demirci Devlet Hastanesi\u2019ne kald\u0131r\u0131ld\u0131. Yakla\u015f\u0131k 1 saat kaza sebebiyle ula\u015f\u0131ma kapanan Demirci-Salihli karayolu yaral\u0131lar\u0131n hastaneye kald\u0131r\u0131lmas\u0131 ve ara\u00e7lar\u0131n yoldan \u00e7ekilmesinin ard\u0131ndan yeniden trafi\u011fe a\u00e7\u0131ld\u0131.<br \/>\n<br \/>Demirci Kaymakam\u0131 Fatih Bayram ve Belediye Ba\u015fkan\u0131 Erkan Kara da kaza yerine gelerek yaral\u0131lar\u0131n durumlar\u0131 ile ilgili bilgi ald\u0131.<br \/>\n<br \/>Yaral\u0131lar\u0131n Demirci Devlet Hastanesi\u2019nde tedavileri s\u00fcrerken, kaza ile ilgili soru\u015fturma ba\u015flat\u0131ld\u0131.<br \/><\/p>\n","protected":false},"excerpt":{"rendered":"<p>Manisa\u2019n\u0131n Demirci il\u00e7esinde meydana gelen trafik kazas\u0131nda 3\u2019\u00fc \u00e7ocuk 7 ki\u015fi yaraland\u0131. Demirci-Salihli karayolunun 2. kilometresinde 45 PB 573 plakal\u0131 Mustafa Uysal (42) y\u00f6netimindeki otomobilin hatal\u0131 sollama yapmas\u0131 sonucu kar\u015f\u0131 y\u00f6nden gelen 35 PC 104 plakal\u0131 G\u00fclcan B\u00fcber (41) y\u00f6netimindeki otomobil ile \u00e7arp\u0131\u015ft\u0131. Kazan\u0131n ard\u0131ndan Mustafa Uysal\u2019a ait otomobil alev almas\u0131 sonucu \u00e7evrede bulunan vatanda\u015flar\u0131n&#8230;<\/p>\n","protected":false},"author":1,"featured_media":51646,"comment_status":"open","ping_status":"open","sticky":false,"template":"","format":"standard","meta":{"_crdt_document":"","footnotes":""},"categories":[5],"tags":[],"class_list":["post-51645","post","type-post","status-publish","format-standard","has-post-thumbnail","hentry","category-asayis"],"_links":{"self":[{"href":"https:\/\/www.egemtv.com\/index.php?rest_route=\/wp\/v2\/posts\/51645","targetHints":{"allow":["GET"]}}],"collection":[{"href":"https:\/\/www.egemtv.com\/index.php?rest_route=\/wp\/v2\/posts"}],"about":[{"href":"https:\/\/www.egemtv.com\/index.php?rest_route=\/wp\/v2\/types\/post"}],"author":[{"embeddable":true,"href":"https:\/\/www.egemtv.com\/index.php?rest_route=\/wp\/v2\/users\/1"}],"replies":[{"embeddable":true,"href":"https:\/\/www.egemtv.com\/index.php?rest_route=%2Fwp%2Fv2%2Fcomments&post=51645"}],"version-history":[{"count":1,"href":"https:\/\/www.egemtv.com\/index.php?rest_route=\/wp\/v2\/posts\/51645\/revisions"}],"predecessor-version":[{"id":51647,"href":"https:\/\/www.egemtv.com\/index.php?rest_route=\/wp\/v2\/posts\/51645\/revisions\/51647"}],"wp:featuredmedia":[{"embeddable":true,"href":"https:\/\/www.egemtv.com\/index.php?rest_route=\/wp\/v2\/media\/51646"}],"wp:attachment":[{"href":"https:\/\/www.egemtv.com\/index.php?rest_route=%2Fwp%2Fv2%2Fmedia&parent=51645"}],"wp:term":[{"taxonomy":"category","embeddable":true,"href":"https:\/\/www.egemtv.com\/index.php?rest_route=%2Fwp%2Fv2%2Fcategories&post=51645"},{"taxonomy":"post_tag","embeddable":true,"href":"https:\/\/www.egemtv.com\/index.php?rest_route=%2Fwp%2Fv2%2Ftags&post=51645"}],"curies":[{"name":"wp","href":"https:\/\/api.w.org\/{rel}","templated":true}]}}