{"id":51642,"date":"2025-08-28T00:14:41","date_gmt":"2025-08-27T21:14:41","guid":{"rendered":"https:\/\/www.egemtv.com\/?p=51642"},"modified":"2025-08-28T00:14:42","modified_gmt":"2025-08-27T21:14:42","slug":"turgutluda-maski-calisani-intihar-etti","status":"publish","type":"post","link":"https:\/\/www.egemtv.com\/?p=51642","title":{"rendered":"Turgutlu\u2019da MASK\u0130 \u00e7al\u0131\u015fan\u0131 intihar etti"},"content":{"rendered":"<p>Manisa\u2019n\u0131n Turgutlu il\u00e7esinde Manisa B\u00fcy\u00fck\u015fehir Belediyesi Turgutlu Koordinat\u00f6rl\u00fc\u011f\u00fc (MASK\u0130) b\u00fcnyesinde g\u00f6rev yapan i\u015f\u00e7i intihar etti.<br \/>\n<br \/>Olay, Turgutlu\u2019ya ba\u011fl\u0131 \u00c7atalk\u00f6pr\u00fc Mahallesi\u2019nde meydana geldi. Edinilen bilgilere g\u00f6re, bir evin bah\u00e7esinde intihar eden evli ve 2 \u00e7ocuk babas\u0131 Do\u011fan Seletli\u2019nin (33) cenazesi, otopsi yap\u0131lmak \u00fczere Turgutlu Devlet Hastanesi morguna kald\u0131r\u0131ld\u0131. Manisa B\u00fcy\u00fck\u015fehir Belediyesi Turgutlu Koordinat\u00f6rl\u00fc\u011f\u00fc (MASK\u0130) b\u00fcnyesinde \u00e7al\u0131\u015ft\u0131\u011f\u0131 \u00f6\u011frenilen Seletli\u2019nin \u00f6l\u00fcm\u00fc, hem mesai arkada\u015flar\u0131n\u0131 hem de sevenlerini yasa bo\u011fdu.<br \/><\/p>\n","protected":false},"excerpt":{"rendered":"<p>Manisa\u2019n\u0131n Turgutlu il\u00e7esinde Manisa B\u00fcy\u00fck\u015fehir Belediyesi Turgutlu Koordinat\u00f6rl\u00fc\u011f\u00fc (MASK\u0130) b\u00fcnyesinde g\u00f6rev yapan i\u015f\u00e7i intihar etti. Olay, Turgutlu\u2019ya ba\u011fl\u0131 \u00c7atalk\u00f6pr\u00fc Mahallesi\u2019nde meydana geldi. Edinilen bilgilere g\u00f6re, bir evin bah\u00e7esinde intihar eden evli ve 2 \u00e7ocuk babas\u0131 Do\u011fan Seletli\u2019nin (33) cenazesi, otopsi yap\u0131lmak \u00fczere Turgutlu Devlet Hastanesi morguna kald\u0131r\u0131ld\u0131. Manisa B\u00fcy\u00fck\u015fehir Belediyesi Turgutlu Koordinat\u00f6rl\u00fc\u011f\u00fc (MASK\u0130) b\u00fcnyesinde \u00e7al\u0131\u015ft\u0131\u011f\u0131&#8230;<\/p>\n","protected":false},"author":1,"featured_media":51643,"comment_status":"open","ping_status":"open","sticky":false,"template":"","format":"standard","meta":{"_crdt_document":"","footnotes":""},"categories":[5],"tags":[],"class_list":["post-51642","post","type-post","status-publish","format-standard","has-post-thumbnail","hentry","category-asayis"],"_links":{"self":[{"href":"https:\/\/www.egemtv.com\/index.php?rest_route=\/wp\/v2\/posts\/51642","targetHints":{"allow":["GET"]}}],"collection":[{"href":"https:\/\/www.egemtv.com\/index.php?rest_route=\/wp\/v2\/posts"}],"about":[{"href":"https:\/\/www.egemtv.com\/index.php?rest_route=\/wp\/v2\/types\/post"}],"author":[{"embeddable":true,"href":"https:\/\/www.egemtv.com\/index.php?rest_route=\/wp\/v2\/users\/1"}],"replies":[{"embeddable":true,"href":"https:\/\/www.egemtv.com\/index.php?rest_route=%2Fwp%2Fv2%2Fcomments&post=51642"}],"version-history":[{"count":1,"href":"https:\/\/www.egemtv.com\/index.php?rest_route=\/wp\/v2\/posts\/51642\/revisions"}],"predecessor-version":[{"id":51644,"href":"https:\/\/www.egemtv.com\/index.php?rest_route=\/wp\/v2\/posts\/51642\/revisions\/51644"}],"wp:featuredmedia":[{"embeddable":true,"href":"https:\/\/www.egemtv.com\/index.php?rest_route=\/wp\/v2\/media\/51643"}],"wp:attachment":[{"href":"https:\/\/www.egemtv.com\/index.php?rest_route=%2Fwp%2Fv2%2Fmedia&parent=51642"}],"wp:term":[{"taxonomy":"category","embeddable":true,"href":"https:\/\/www.egemtv.com\/index.php?rest_route=%2Fwp%2Fv2%2Fcategories&post=51642"},{"taxonomy":"post_tag","embeddable":true,"href":"https:\/\/www.egemtv.com\/index.php?rest_route=%2Fwp%2Fv2%2Ftags&post=51642"}],"curies":[{"name":"wp","href":"https:\/\/api.w.org\/{rel}","templated":true}]}}