{"id":51639,"date":"2025-08-27T23:35:55","date_gmt":"2025-08-27T20:35:55","guid":{"rendered":"https:\/\/www.egemtv.com\/?p=51639"},"modified":"2025-08-27T23:35:55","modified_gmt":"2025-08-27T20:35:55","slug":"minibus-ile-otomobil-carpisti-11-yarali","status":"publish","type":"post","link":"https:\/\/www.egemtv.com\/?p=51639","title":{"rendered":"Minib\u00fcs ile otomobil \u00e7arp\u0131\u015ft\u0131: 11 yaral\u0131"},"content":{"rendered":"<p>Ayd\u0131n\u2019\u0131n Efeler il\u00e7esinde minib\u00fcs ile otomobilin \u00e7arp\u0131\u015fmas\u0131 sonucu meydana gelen kazada 11 ki\u015fi yaralan\u0131rken, \u00e7evredeki vatanda\u015flar ve ekipler kazada kopan kula\u011f\u0131 arad\u0131lar. Vatanda\u015flar\u0131n \u00e7abas\u0131 sonunda bulunan kulak, motosikletli trafik polisi taraf\u0131ndan hastaneye yeti\u015ftirildi.<br \/>\n<br \/>Kaza, Efeler il\u00e7esi Yedieyl\u00fcl Mahallesi Eski \u00c7ine Caddesi \u00fczerinde meydana geldi. Edinilen bilgiye g\u00f6re 09 M 0094 plakal\u0131 minib\u00fcs ile 09 ARZ 849 plakal\u0131 otomobil Bat\u0131 Ayd\u0131n Bulvar\u0131 ile Eski\u015f \u00c7ine Caddesi kesi\u015fiminde \u00e7arp\u0131\u015ft\u0131. \u00c7arp\u0131\u015fman\u0131n etkisi ile 2 ara\u00e7 da yol kenar\u0131na savrulurken, minib\u00fcs bir apartman\u0131n bah\u00e7e duvar\u0131n\u0131 y\u0131k\u0131p yol kenar\u0131ndaki elektrik panosuna \u00e7arparak durabildi. Kazada, ara\u00e7larda bulunan toplam 11 ki\u015fi yaraland\u0131.<br \/>\n<br \/>Kazay\u0131 g\u00f6ren vatanda\u015flar durumu 112 Acil \u00c7a\u011fr\u0131 Merkezi\u2019ne bildirdi. \u0130hbar \u00fczerine b\u00f6lgeye polis, itfaiye ve sa\u011fl\u0131k ekipleri sevk edildi. K\u0131sa s\u00fcrede b\u00f6lgeye gelen ekipler, yaral\u0131lar\u0131 ilk m\u00fcdahalelerinin ard\u0131ndan ambulanslarla hastanelere kald\u0131rd\u0131. Kazada devrilen elektrik panosu sebebiyle b\u00f6lgeye sevk edilen ADM ekipleri, muhtemel bir elektrik \u00e7arpmas\u0131na kar\u015f\u0131 panonun elektri\u011fini keserek g\u00fcvenlik \u00f6nlemi ald\u0131.<br \/>\n<br \/>Kopan kulak bulunarak hastaneye yeti\u015ftirildi<br \/>\n<br \/>Kazada hurdaya d\u00f6nen 2 ara\u00e7 da \u00e7ekici marifetiyle yoldan kald\u0131r\u0131l\u0131rken, kaza esnas\u0131nda yaral\u0131lardan birisinin kula\u011f\u0131n\u0131n koptu\u011fu ve olay yerinde olabilece\u011fi bilgisi geldi. Gelen bilgi \u00fczerine b\u00f6lgedeki vatanda\u015flar ve ekipler yolda, kopan kula\u011f\u0131 arad\u0131lar. Yap\u0131lan aramalar\u0131n sonunda kopan kulak bir vatanda\u015f taraf\u0131ndan bulundu. Ekiplere teslim edilen kulak, motosikletli trafik polisi taraf\u0131ndan hastaneye yeti\u015ftirildi. Soka\u011f\u0131n sava\u015f alan\u0131na d\u00f6nd\u00fc\u011f\u00fc kaza ile ilgili inceleme ba\u015flat\u0131ld\u0131.<br \/><\/p>\n","protected":false},"excerpt":{"rendered":"<p>Ayd\u0131n\u2019\u0131n Efeler il\u00e7esinde minib\u00fcs ile otomobilin \u00e7arp\u0131\u015fmas\u0131 sonucu meydana gelen kazada 11 ki\u015fi yaralan\u0131rken, \u00e7evredeki vatanda\u015flar ve ekipler kazada kopan kula\u011f\u0131 arad\u0131lar. Vatanda\u015flar\u0131n \u00e7abas\u0131 sonunda bulunan kulak, motosikletli trafik polisi taraf\u0131ndan hastaneye yeti\u015ftirildi. Kaza, Efeler il\u00e7esi Yedieyl\u00fcl Mahallesi Eski \u00c7ine Caddesi \u00fczerinde meydana geldi. Edinilen bilgiye g\u00f6re 09 M 0094 plakal\u0131 minib\u00fcs ile 09 ARZ&#8230;<\/p>\n","protected":false},"author":1,"featured_media":51640,"comment_status":"open","ping_status":"open","sticky":false,"template":"","format":"standard","meta":{"_crdt_document":"","footnotes":""},"categories":[5],"tags":[],"class_list":["post-51639","post","type-post","status-publish","format-standard","has-post-thumbnail","hentry","category-asayis"],"_links":{"self":[{"href":"https:\/\/www.egemtv.com\/index.php?rest_route=\/wp\/v2\/posts\/51639","targetHints":{"allow":["GET"]}}],"collection":[{"href":"https:\/\/www.egemtv.com\/index.php?rest_route=\/wp\/v2\/posts"}],"about":[{"href":"https:\/\/www.egemtv.com\/index.php?rest_route=\/wp\/v2\/types\/post"}],"author":[{"embeddable":true,"href":"https:\/\/www.egemtv.com\/index.php?rest_route=\/wp\/v2\/users\/1"}],"replies":[{"embeddable":true,"href":"https:\/\/www.egemtv.com\/index.php?rest_route=%2Fwp%2Fv2%2Fcomments&post=51639"}],"version-history":[{"count":1,"href":"https:\/\/www.egemtv.com\/index.php?rest_route=\/wp\/v2\/posts\/51639\/revisions"}],"predecessor-version":[{"id":51641,"href":"https:\/\/www.egemtv.com\/index.php?rest_route=\/wp\/v2\/posts\/51639\/revisions\/51641"}],"wp:featuredmedia":[{"embeddable":true,"href":"https:\/\/www.egemtv.com\/index.php?rest_route=\/wp\/v2\/media\/51640"}],"wp:attachment":[{"href":"https:\/\/www.egemtv.com\/index.php?rest_route=%2Fwp%2Fv2%2Fmedia&parent=51639"}],"wp:term":[{"taxonomy":"category","embeddable":true,"href":"https:\/\/www.egemtv.com\/index.php?rest_route=%2Fwp%2Fv2%2Fcategories&post=51639"},{"taxonomy":"post_tag","embeddable":true,"href":"https:\/\/www.egemtv.com\/index.php?rest_route=%2Fwp%2Fv2%2Ftags&post=51639"}],"curies":[{"name":"wp","href":"https:\/\/api.w.org\/{rel}","templated":true}]}}