{"id":51636,"date":"2025-08-27T23:35:54","date_gmt":"2025-08-27T20:35:54","guid":{"rendered":"https:\/\/www.egemtv.com\/?p=51636"},"modified":"2025-08-27T23:35:54","modified_gmt":"2025-08-27T20:35:54","slug":"milasta-supheli-olum","status":"publish","type":"post","link":"https:\/\/www.egemtv.com\/?p=51636","title":{"rendered":"Milas\u2019ta \u015f\u00fcpheli \u00f6l\u00fcm"},"content":{"rendered":"<p>Mu\u011fla\u2019n\u0131n Milas il\u00e7esinde 2 \u00e7ocuk annes\u0131 43 ya\u015f\u0131ndaki bir kad\u0131n evinde \u00f6l\u00fc bulundu. G\u00fcvenlik g\u00fc\u00e7leri taraf\u0131ndan el konulan olayda, kad\u0131n\u0131n bo\u015fanm\u0131\u015f oldu\u011fu ancak birlikte ya\u015fad\u0131\u011f\u0131 polis olan kocas\u0131 ifadesi al\u0131nmak \u00fczere g\u00f6zalt\u0131na al\u0131n\u0131rken, olayla ilgii \u00e7ok y\u00f6nl\u00fc soru\u015fturma ba\u015flat\u0131ld\u0131.<br \/>\n<br \/>Olay ak\u015fam saatlerinde Cumhuriyet Mahallesi Yata\u011fan Bulvar\u0131 Medusa Life Sitesi\u2019ndeki bir evde meydana geldi. Edinilen bilgiye g\u00f6re; N.M. isimli kad\u0131n\u0131n iki \u00e7ocu\u011fu ve resmiyette bo\u015fan\u0131p polis kocas\u0131 ile birlikte ya\u015fad\u0131\u011f\u0131 daireden tart\u0131\u015fma ve silah sesi duyan \u00e7evre sakinleri durumu 112 Acil \u00e7a\u011fr\u0131 merkezine bildirdi. K\u0131sa s\u00fcrede b\u00f6lgeye gelen polis ve sa\u011fl\u0131k ekipleri 43 ya\u015f\u0131ndaki kad\u0131n\u0131 evin yatak odas\u0131nda kalbinden ald\u0131\u011f\u0131 kur\u015fun yaras\u0131 sonucu hayat\u0131n\u0131 kaybetti\u011fini belirledi.<br \/>\n<br \/>Cumuriyet Savc\u0131l\u0131\u011f\u0131 taraf\u0131ndan \u015f\u00fcpheli bulunan \u00f6l\u00fcm olay\u0131 ile ilgili soru\u015fturma ba\u015flat\u0131l\u0131rken, olayda hayat\u0131n\u0131 kaybeden kad\u0131n\u0131n bo\u015fanm\u0131\u015f olup ayn\u0131 evde yad\u0131\u011f\u0131 kocas\u0131n\u0131n polis olmas\u0131ndan dolay\u0131 olay\u0131n tahkikat s\u00fcreci jandarmaya devredildi.<br \/>\n<br \/>B\u00f6lgede savc\u0131l\u0131\u011f\u0131 ve olay yeri incelem ekiplerinin \u00e7al\u0131\u015fmas\u0131 devam ediyor.<br \/><\/p>\n","protected":false},"excerpt":{"rendered":"<p>Mu\u011fla\u2019n\u0131n Milas il\u00e7esinde 2 \u00e7ocuk annes\u0131 43 ya\u015f\u0131ndaki bir kad\u0131n evinde \u00f6l\u00fc bulundu. G\u00fcvenlik g\u00fc\u00e7leri taraf\u0131ndan el konulan olayda, kad\u0131n\u0131n bo\u015fanm\u0131\u015f oldu\u011fu ancak birlikte ya\u015fad\u0131\u011f\u0131 polis olan kocas\u0131 ifadesi al\u0131nmak \u00fczere g\u00f6zalt\u0131na al\u0131n\u0131rken, olayla ilgii \u00e7ok y\u00f6nl\u00fc soru\u015fturma ba\u015flat\u0131ld\u0131. Olay ak\u015fam saatlerinde Cumhuriyet Mahallesi Yata\u011fan Bulvar\u0131 Medusa Life Sitesi\u2019ndeki bir evde meydana geldi. Edinilen bilgiye&#8230;<\/p>\n","protected":false},"author":1,"featured_media":51637,"comment_status":"open","ping_status":"open","sticky":false,"template":"","format":"standard","meta":{"_crdt_document":"","footnotes":""},"categories":[5],"tags":[],"class_list":["post-51636","post","type-post","status-publish","format-standard","has-post-thumbnail","hentry","category-asayis"],"_links":{"self":[{"href":"https:\/\/www.egemtv.com\/index.php?rest_route=\/wp\/v2\/posts\/51636","targetHints":{"allow":["GET"]}}],"collection":[{"href":"https:\/\/www.egemtv.com\/index.php?rest_route=\/wp\/v2\/posts"}],"about":[{"href":"https:\/\/www.egemtv.com\/index.php?rest_route=\/wp\/v2\/types\/post"}],"author":[{"embeddable":true,"href":"https:\/\/www.egemtv.com\/index.php?rest_route=\/wp\/v2\/users\/1"}],"replies":[{"embeddable":true,"href":"https:\/\/www.egemtv.com\/index.php?rest_route=%2Fwp%2Fv2%2Fcomments&post=51636"}],"version-history":[{"count":1,"href":"https:\/\/www.egemtv.com\/index.php?rest_route=\/wp\/v2\/posts\/51636\/revisions"}],"predecessor-version":[{"id":51638,"href":"https:\/\/www.egemtv.com\/index.php?rest_route=\/wp\/v2\/posts\/51636\/revisions\/51638"}],"wp:featuredmedia":[{"embeddable":true,"href":"https:\/\/www.egemtv.com\/index.php?rest_route=\/wp\/v2\/media\/51637"}],"wp:attachment":[{"href":"https:\/\/www.egemtv.com\/index.php?rest_route=%2Fwp%2Fv2%2Fmedia&parent=51636"}],"wp:term":[{"taxonomy":"category","embeddable":true,"href":"https:\/\/www.egemtv.com\/index.php?rest_route=%2Fwp%2Fv2%2Fcategories&post=51636"},{"taxonomy":"post_tag","embeddable":true,"href":"https:\/\/www.egemtv.com\/index.php?rest_route=%2Fwp%2Fv2%2Ftags&post=51636"}],"curies":[{"name":"wp","href":"https:\/\/api.w.org\/{rel}","templated":true}]}}