{"id":51633,"date":"2025-08-27T23:35:52","date_gmt":"2025-08-27T20:35:52","guid":{"rendered":"https:\/\/www.egemtv.com\/?p=51633"},"modified":"2025-08-27T23:35:54","modified_gmt":"2025-08-27T20:35:54","slug":"bozdoganda-traktor-devrildi-1-olu","status":"publish","type":"post","link":"https:\/\/www.egemtv.com\/?p=51633","title":{"rendered":"Bozdo\u011fan\u2019da trakt\u00f6r devrildi: 1 \u00f6l\u00fc"},"content":{"rendered":"<p>Ayd\u0131n\u2019\u0131n Bozdo\u011fan il\u00e7esinde meydana gelen trakt\u00f6r kazas\u0131nda 1 ki\u015fi hayat\u0131n\u0131 kaybetti.<\/p>\n<p>Kaza, Kemer Mahallesi\u2019nde ak\u015fam meydana geldi. Edinilen bilgiye g\u00f6re, hen\u00fcz bilinmeyen bir nedenle devrilen trakt\u00f6r\u00fcn alt\u0131nda kalan s\u00fcr\u00fcc\u00fc i\u00e7in \u00e7evredekiler durumu 112 Acil \u00c7a\u011fr\u0131 Merkezi\u2019ne bildirdi. \u0130hbar \u00fczerine b\u00f6lgeye sa\u011fl\u0131k, itfaiye ve jandarma ekipleri sevk edildi. Olay yerine gelen sa\u011fl\u0131k ekipleri yapt\u0131klar\u0131 incelemede trakt\u00f6r s\u00fcr\u00fcc\u00fcs\u00fc Hasan Ak\u00e7ay\u2019\u0131n hayat\u0131n\u0131 kaybetti\u011fini belirledi. \u0130tfaiye ekiplerinin m\u00fcdahalesiyle trakt\u00f6r\u00fcn alt\u0131ndan \u00e7\u0131kar\u0131lan Ak\u00e7ay\u2019\u0131n cenazesi otopsi i\u00e7in morga kald\u0131r\u0131ld\u0131.<\/p>\n<p>Jandarma kazayla ilgili soru\u015fturma ba\u015flatt\u0131.<br \/><\/p>\n","protected":false},"excerpt":{"rendered":"<p>Ayd\u0131n\u2019\u0131n Bozdo\u011fan il\u00e7esinde meydana gelen trakt\u00f6r kazas\u0131nda 1 ki\u015fi hayat\u0131n\u0131 kaybetti. Kaza, Kemer Mahallesi\u2019nde ak\u015fam meydana geldi. Edinilen bilgiye g\u00f6re, hen\u00fcz bilinmeyen bir nedenle devrilen trakt\u00f6r\u00fcn alt\u0131nda kalan s\u00fcr\u00fcc\u00fc i\u00e7in \u00e7evredekiler durumu 112 Acil \u00c7a\u011fr\u0131 Merkezi\u2019ne bildirdi. \u0130hbar \u00fczerine b\u00f6lgeye sa\u011fl\u0131k, itfaiye ve jandarma ekipleri sevk edildi. Olay yerine gelen sa\u011fl\u0131k ekipleri yapt\u0131klar\u0131 incelemede trakt\u00f6r&#8230;<\/p>\n","protected":false},"author":1,"featured_media":51634,"comment_status":"open","ping_status":"open","sticky":false,"template":"","format":"standard","meta":{"_crdt_document":"","footnotes":""},"categories":[5],"tags":[],"class_list":["post-51633","post","type-post","status-publish","format-standard","has-post-thumbnail","hentry","category-asayis"],"_links":{"self":[{"href":"https:\/\/www.egemtv.com\/index.php?rest_route=\/wp\/v2\/posts\/51633","targetHints":{"allow":["GET"]}}],"collection":[{"href":"https:\/\/www.egemtv.com\/index.php?rest_route=\/wp\/v2\/posts"}],"about":[{"href":"https:\/\/www.egemtv.com\/index.php?rest_route=\/wp\/v2\/types\/post"}],"author":[{"embeddable":true,"href":"https:\/\/www.egemtv.com\/index.php?rest_route=\/wp\/v2\/users\/1"}],"replies":[{"embeddable":true,"href":"https:\/\/www.egemtv.com\/index.php?rest_route=%2Fwp%2Fv2%2Fcomments&post=51633"}],"version-history":[{"count":1,"href":"https:\/\/www.egemtv.com\/index.php?rest_route=\/wp\/v2\/posts\/51633\/revisions"}],"predecessor-version":[{"id":51635,"href":"https:\/\/www.egemtv.com\/index.php?rest_route=\/wp\/v2\/posts\/51633\/revisions\/51635"}],"wp:featuredmedia":[{"embeddable":true,"href":"https:\/\/www.egemtv.com\/index.php?rest_route=\/wp\/v2\/media\/51634"}],"wp:attachment":[{"href":"https:\/\/www.egemtv.com\/index.php?rest_route=%2Fwp%2Fv2%2Fmedia&parent=51633"}],"wp:term":[{"taxonomy":"category","embeddable":true,"href":"https:\/\/www.egemtv.com\/index.php?rest_route=%2Fwp%2Fv2%2Fcategories&post=51633"},{"taxonomy":"post_tag","embeddable":true,"href":"https:\/\/www.egemtv.com\/index.php?rest_route=%2Fwp%2Fv2%2Ftags&post=51633"}],"curies":[{"name":"wp","href":"https:\/\/api.w.org\/{rel}","templated":true}]}}