{"id":51630,"date":"2025-08-27T22:15:02","date_gmt":"2025-08-27T19:15:02","guid":{"rendered":"https:\/\/www.egemtv.com\/?p=51630"},"modified":"2025-08-27T22:15:04","modified_gmt":"2025-08-27T19:15:04","slug":"manisada-isci-servisi-agaca-carpti-8-yarali","status":"publish","type":"post","link":"https:\/\/www.egemtv.com\/?p=51630","title":{"rendered":"Manisa\u2019da i\u015f\u00e7i servisi a\u011faca \u00e7arpt\u0131: 8 yaral\u0131"},"content":{"rendered":"<p>Manisa\u2019n\u0131n K\u0131rka\u011fa\u00e7 il\u00e7esinde i\u015f\u00e7i servisinin a\u011faca \u00e7arpt\u0131\u011f\u0131 kazada 8 ki\u015fi yaraland\u0131.<br \/>\n<br \/>Edinilen bilgiye g\u00f6re, Saruhanl\u0131\u2019dan hareket edip Soma istikametine gitmekte olan i\u015f\u00e7i servisi, K\u0131rka\u011fa\u00e7 il\u00e7esi Alay Kav\u015fa\u011f\u0131\u2019nda s\u00fcr\u00fcc\u00fcn\u00fcn direksiyon hakimiyetinin kaybolmas\u0131 sonucu kontrolden \u00e7\u0131karak ref\u00fcjdeki a\u011faca \u00e7arpt\u0131. \u00c7arpman\u0131n etkisiyle savrulan ara\u00e7ta bulunan 20 ki\u015fi b\u00fcy\u00fck korku ya\u015fad\u0131. Yaralanan 8 i\u015f\u00e7i, ambulanslar ile K\u0131rka\u011fa\u00e7, Soma ve Akhisar Devlet Hastanelerine kald\u0131r\u0131ld\u0131. Yaral\u0131lar\u0131n sa\u011fl\u0131k durumlar\u0131n\u0131n iyi oldu\u011fu belirtilirken, kazayla ilgili inceleme ba\u015flat\u0131ld\u0131.<br \/><\/p>\n","protected":false},"excerpt":{"rendered":"<p>Manisa\u2019n\u0131n K\u0131rka\u011fa\u00e7 il\u00e7esinde i\u015f\u00e7i servisinin a\u011faca \u00e7arpt\u0131\u011f\u0131 kazada 8 ki\u015fi yaraland\u0131. Edinilen bilgiye g\u00f6re, Saruhanl\u0131\u2019dan hareket edip Soma istikametine gitmekte olan i\u015f\u00e7i servisi, K\u0131rka\u011fa\u00e7 il\u00e7esi Alay Kav\u015fa\u011f\u0131\u2019nda s\u00fcr\u00fcc\u00fcn\u00fcn direksiyon hakimiyetinin kaybolmas\u0131 sonucu kontrolden \u00e7\u0131karak ref\u00fcjdeki a\u011faca \u00e7arpt\u0131. \u00c7arpman\u0131n etkisiyle savrulan ara\u00e7ta bulunan 20 ki\u015fi b\u00fcy\u00fck korku ya\u015fad\u0131. Yaralanan 8 i\u015f\u00e7i, ambulanslar ile K\u0131rka\u011fa\u00e7, Soma ve&#8230;<\/p>\n","protected":false},"author":1,"featured_media":51631,"comment_status":"open","ping_status":"open","sticky":false,"template":"","format":"standard","meta":{"_crdt_document":"","footnotes":""},"categories":[5],"tags":[],"class_list":["post-51630","post","type-post","status-publish","format-standard","has-post-thumbnail","hentry","category-asayis"],"_links":{"self":[{"href":"https:\/\/www.egemtv.com\/index.php?rest_route=\/wp\/v2\/posts\/51630","targetHints":{"allow":["GET"]}}],"collection":[{"href":"https:\/\/www.egemtv.com\/index.php?rest_route=\/wp\/v2\/posts"}],"about":[{"href":"https:\/\/www.egemtv.com\/index.php?rest_route=\/wp\/v2\/types\/post"}],"author":[{"embeddable":true,"href":"https:\/\/www.egemtv.com\/index.php?rest_route=\/wp\/v2\/users\/1"}],"replies":[{"embeddable":true,"href":"https:\/\/www.egemtv.com\/index.php?rest_route=%2Fwp%2Fv2%2Fcomments&post=51630"}],"version-history":[{"count":1,"href":"https:\/\/www.egemtv.com\/index.php?rest_route=\/wp\/v2\/posts\/51630\/revisions"}],"predecessor-version":[{"id":51632,"href":"https:\/\/www.egemtv.com\/index.php?rest_route=\/wp\/v2\/posts\/51630\/revisions\/51632"}],"wp:featuredmedia":[{"embeddable":true,"href":"https:\/\/www.egemtv.com\/index.php?rest_route=\/wp\/v2\/media\/51631"}],"wp:attachment":[{"href":"https:\/\/www.egemtv.com\/index.php?rest_route=%2Fwp%2Fv2%2Fmedia&parent=51630"}],"wp:term":[{"taxonomy":"category","embeddable":true,"href":"https:\/\/www.egemtv.com\/index.php?rest_route=%2Fwp%2Fv2%2Fcategories&post=51630"},{"taxonomy":"post_tag","embeddable":true,"href":"https:\/\/www.egemtv.com\/index.php?rest_route=%2Fwp%2Fv2%2Ftags&post=51630"}],"curies":[{"name":"wp","href":"https:\/\/api.w.org\/{rel}","templated":true}]}}