{"id":51627,"date":"2025-08-27T21:57:00","date_gmt":"2025-08-27T18:57:00","guid":{"rendered":"https:\/\/www.egemtv.com\/?p=51627"},"modified":"2025-08-27T21:57:01","modified_gmt":"2025-08-27T18:57:01","slug":"soloturkten-demircide-muhtesem-gosteri","status":"publish","type":"post","link":"https:\/\/www.egemtv.com\/?p=51627","title":{"rendered":"SOLOT\u00dcRK\u2019ten Demirci\u2019de muhte\u015fem g\u00f6steri"},"content":{"rendered":"<p>Manisa\u2019n\u0131n Demirci il\u00e7esinde kurtulu\u015f festivali kapsam\u0131nda SOLOT\u00dcRK g\u00f6steri u\u00e7u\u015fu yapt\u0131.<br \/>\n<br \/>Demirci Belediyesi taraf\u0131ndan d\u00fczenlenen ve 5 g\u00fcn s\u00fcrecek olan kurtulu\u015f festivali kapsam\u0131nda SOLOT\u00dcRK, E\u011fitim Fak\u00fcltesi \u00e7im sahas\u0131na toplanan binlerce vatanda\u015fa g\u00f6steri u\u00e7u\u015fu yapt\u0131. G\u00f6steriyi izlemek i\u00e7in kimi vatanda\u015flar evlerinin balkon ve \u00e7at\u0131lar\u0131na \u00e7\u0131karken, kimi vatanda\u015flar da g\u00f6steriyi il\u00e7enin y\u00fcksek tepelerinden izledi. T\u00fcrk Hava Kuvvetleri F16 pilotu Hava Pilot Binba\u015f\u0131 Murat Bak\u0131c\u0131, ters u\u00e7u\u015f, sert d\u00f6n\u00fc\u015f, havada drift, saatte bin 200 km h\u0131zla ge\u00e7i\u015f ve selamlama u\u00e7u\u015flar\u0131yla halk\u0131 hayran b\u0131rakt\u0131.<br \/>\n<br \/>Demirci Belediyesi taraf\u0131ndan vatanda\u015flara bin adet T\u00fcrk bayra\u011f\u0131 hediye edildi. SOLOT\u00dcRK g\u00f6sterisini vatanda\u015flarla birlikte izleyen Demirci Belediye Ba\u015fkan\u0131 Erkan Kara, &#8220;Bug\u00fcn Demirci a\u00e7\u0131s\u0131ndan tarihi bir g\u00fcn. Demirci ak\u0131nc\u0131lar\u0131n\u0131n torunlar\u0131 SOLOT\u00dcRK g\u00f6sterisini izlemek i\u00e7in meydanlarda. Milli M\u00fccadele\u2019de Kaymakam \u0130brahim Ethem Ak\u0131nc\u0131 komutas\u0131nda Demirci Ak\u0131nc\u0131lar\u0131 M\u00fcfrezesi d\u00fc\u015fmana ge\u00e7it vermedi bu topraklarda. SOLOT\u00dcRK, Demirci\u2019de ilk kez g\u00f6steri ger\u00e7ekle\u015ftiriyor. SOLOT\u00dcRK taraf\u0131ndan meydana toplanan binlerce vatanda\u015fa Demirci Ak\u0131nc\u0131lar\u0131 g\u00f6steri u\u00e7u\u015fu yapt\u0131. Demirci tarihin yan\u0131 s\u0131ra hal\u0131c\u0131l\u0131kta ve e\u011fitimde marka bir \u015fehir. Kurtulu\u015f festivalimizi geleneksel hale getirerek, her y\u0131l d\u00fczenlemeye devam edece\u011fiz&#8221; dedi.<br \/><\/p>\n","protected":false},"excerpt":{"rendered":"<p>Manisa\u2019n\u0131n Demirci il\u00e7esinde kurtulu\u015f festivali kapsam\u0131nda SOLOT\u00dcRK g\u00f6steri u\u00e7u\u015fu yapt\u0131. Demirci Belediyesi taraf\u0131ndan d\u00fczenlenen ve 5 g\u00fcn s\u00fcrecek olan kurtulu\u015f festivali kapsam\u0131nda SOLOT\u00dcRK, E\u011fitim Fak\u00fcltesi \u00e7im sahas\u0131na toplanan binlerce vatanda\u015fa g\u00f6steri u\u00e7u\u015fu yapt\u0131. G\u00f6steriyi izlemek i\u00e7in kimi vatanda\u015flar evlerinin balkon ve \u00e7at\u0131lar\u0131na \u00e7\u0131karken, kimi vatanda\u015flar da g\u00f6steriyi il\u00e7enin y\u00fcksek tepelerinden izledi. T\u00fcrk Hava Kuvvetleri F16&#8230;<\/p>\n","protected":false},"author":1,"featured_media":51628,"comment_status":"open","ping_status":"open","sticky":false,"template":"","format":"standard","meta":{"_crdt_document":"","footnotes":""},"categories":[1],"tags":[],"class_list":["post-51627","post","type-post","status-publish","format-standard","has-post-thumbnail","hentry","category-guncel"],"_links":{"self":[{"href":"https:\/\/www.egemtv.com\/index.php?rest_route=\/wp\/v2\/posts\/51627","targetHints":{"allow":["GET"]}}],"collection":[{"href":"https:\/\/www.egemtv.com\/index.php?rest_route=\/wp\/v2\/posts"}],"about":[{"href":"https:\/\/www.egemtv.com\/index.php?rest_route=\/wp\/v2\/types\/post"}],"author":[{"embeddable":true,"href":"https:\/\/www.egemtv.com\/index.php?rest_route=\/wp\/v2\/users\/1"}],"replies":[{"embeddable":true,"href":"https:\/\/www.egemtv.com\/index.php?rest_route=%2Fwp%2Fv2%2Fcomments&post=51627"}],"version-history":[{"count":1,"href":"https:\/\/www.egemtv.com\/index.php?rest_route=\/wp\/v2\/posts\/51627\/revisions"}],"predecessor-version":[{"id":51629,"href":"https:\/\/www.egemtv.com\/index.php?rest_route=\/wp\/v2\/posts\/51627\/revisions\/51629"}],"wp:featuredmedia":[{"embeddable":true,"href":"https:\/\/www.egemtv.com\/index.php?rest_route=\/wp\/v2\/media\/51628"}],"wp:attachment":[{"href":"https:\/\/www.egemtv.com\/index.php?rest_route=%2Fwp%2Fv2%2Fmedia&parent=51627"}],"wp:term":[{"taxonomy":"category","embeddable":true,"href":"https:\/\/www.egemtv.com\/index.php?rest_route=%2Fwp%2Fv2%2Fcategories&post=51627"},{"taxonomy":"post_tag","embeddable":true,"href":"https:\/\/www.egemtv.com\/index.php?rest_route=%2Fwp%2Fv2%2Ftags&post=51627"}],"curies":[{"name":"wp","href":"https:\/\/api.w.org\/{rel}","templated":true}]}}