{"id":51624,"date":"2025-08-27T19:55:39","date_gmt":"2025-08-27T16:55:39","guid":{"rendered":"https:\/\/www.egemtv.com\/?p=51624"},"modified":"2025-08-27T19:55:40","modified_gmt":"2025-08-27T16:55:40","slug":"kurtulus-torenlerine-akinci-ve-aksungur-ihalarin-gosterisi-damga-vurdu","status":"publish","type":"post","link":"https:\/\/www.egemtv.com\/?p=51624","title":{"rendered":"Kurtulu\u015f t\u00f6renlerine Ak\u0131nc\u0131 ve Aksungur \u0130HA\u2019lar\u0131n g\u00f6sterisi damga vurdu"},"content":{"rendered":"<p>Afyonkarahisar\u2019\u0131n d\u00fc\u015fman i\u015fgalinden kurtulu\u015funun 103. y\u0131l d\u00f6n\u00fcm\u00fc t\u00f6renleri co\u015fku i\u00e7erisinde ger\u00e7ekle\u015ftirildi. T\u00f6renlere Aksungur ve Ak\u0131nc\u0131 \u0130HA\u2019lar ile komandolar\u0131n g\u00f6sterisi damga vurdu.<br \/>\n<br \/>Zafer Meydan\u0131\u2019nda yap\u0131len t\u00f6rene Vali K\u00fcbra G\u00fcran Yi\u011fitba\u015f\u0131, Belediye Ba\u015fkan\u0131 Burcu K\u00f6ksal, milletvekilleri, protokol \u00fcyeleri, kuvvet komutanl\u0131klar\u0131n\u0131 temsilen \u00fcst r\u00fctbeli subaylar ile vatanda\u015flar kat\u0131ld\u0131. Kutlama t\u00f6reni Ba\u015fkan K\u00f6ksal\u2019\u0131n konu\u015fmas\u0131yla ba\u015flad\u0131. Ba\u015fkan K\u00f6ksal, B\u00fcy\u00fck Taarruz\u2019un T\u00fcrk tarihindeki \u00f6nemine dikkat \u00e7ekerek, kutlu zafere giden yolun Afyonkarahisar\u2019dan a\u00e7\u0131ld\u0131\u011f\u0131n\u0131 ifade etti.<br \/>\n<br \/>T\u00f6rende Bulgaristan, G\u00fcrcistan ile Zonguldak halk oyunlar\u0131 ekipleri g\u00f6sterilerilerini sundu. G\u00f6sterilerde gruplar\u0131n sergiledikleri dans fig\u00fcrleri ayakta alk\u0131\u015fland\u0131. Programda ayr\u0131ca mehteran tak\u0131m\u0131 da k\u00fc\u00e7\u00fck bir konser verdi.<br \/>\n<br \/>Kutlama t\u00f6reninde yerli ve milli Aksungur ile Ak\u0131nc\u0131 isimli insans\u0131z hava ara\u00e7lar\u0131 t\u00f6ren alan\u0131 \u00fczerinde g\u00f6steri u\u00e7u\u015fu ger\u00e7ekle\u015ftirdi. G\u00f6steriyi vatanda\u015flar uzun s\u00fcre alk\u0131\u015flad\u0131. Program komandolar\u0131n g\u00f6sterisi ile sona erdi.<br \/><\/p>\n","protected":false},"excerpt":{"rendered":"<p>Afyonkarahisar\u2019\u0131n d\u00fc\u015fman i\u015fgalinden kurtulu\u015funun 103. y\u0131l d\u00f6n\u00fcm\u00fc t\u00f6renleri co\u015fku i\u00e7erisinde ger\u00e7ekle\u015ftirildi. T\u00f6renlere Aksungur ve Ak\u0131nc\u0131 \u0130HA\u2019lar ile komandolar\u0131n g\u00f6sterisi damga vurdu. Zafer Meydan\u0131\u2019nda yap\u0131len t\u00f6rene Vali K\u00fcbra G\u00fcran Yi\u011fitba\u015f\u0131, Belediye Ba\u015fkan\u0131 Burcu K\u00f6ksal, milletvekilleri, protokol \u00fcyeleri, kuvvet komutanl\u0131klar\u0131n\u0131 temsilen \u00fcst r\u00fctbeli subaylar ile vatanda\u015flar kat\u0131ld\u0131. Kutlama t\u00f6reni Ba\u015fkan K\u00f6ksal\u2019\u0131n konu\u015fmas\u0131yla ba\u015flad\u0131. Ba\u015fkan K\u00f6ksal, B\u00fcy\u00fck Taarruz\u2019un&#8230;<\/p>\n","protected":false},"author":1,"featured_media":51625,"comment_status":"open","ping_status":"open","sticky":false,"template":"","format":"standard","meta":{"_crdt_document":"","footnotes":""},"categories":[1],"tags":[],"class_list":["post-51624","post","type-post","status-publish","format-standard","has-post-thumbnail","hentry","category-guncel"],"_links":{"self":[{"href":"https:\/\/www.egemtv.com\/index.php?rest_route=\/wp\/v2\/posts\/51624","targetHints":{"allow":["GET"]}}],"collection":[{"href":"https:\/\/www.egemtv.com\/index.php?rest_route=\/wp\/v2\/posts"}],"about":[{"href":"https:\/\/www.egemtv.com\/index.php?rest_route=\/wp\/v2\/types\/post"}],"author":[{"embeddable":true,"href":"https:\/\/www.egemtv.com\/index.php?rest_route=\/wp\/v2\/users\/1"}],"replies":[{"embeddable":true,"href":"https:\/\/www.egemtv.com\/index.php?rest_route=%2Fwp%2Fv2%2Fcomments&post=51624"}],"version-history":[{"count":1,"href":"https:\/\/www.egemtv.com\/index.php?rest_route=\/wp\/v2\/posts\/51624\/revisions"}],"predecessor-version":[{"id":51626,"href":"https:\/\/www.egemtv.com\/index.php?rest_route=\/wp\/v2\/posts\/51624\/revisions\/51626"}],"wp:featuredmedia":[{"embeddable":true,"href":"https:\/\/www.egemtv.com\/index.php?rest_route=\/wp\/v2\/media\/51625"}],"wp:attachment":[{"href":"https:\/\/www.egemtv.com\/index.php?rest_route=%2Fwp%2Fv2%2Fmedia&parent=51624"}],"wp:term":[{"taxonomy":"category","embeddable":true,"href":"https:\/\/www.egemtv.com\/index.php?rest_route=%2Fwp%2Fv2%2Fcategories&post=51624"},{"taxonomy":"post_tag","embeddable":true,"href":"https:\/\/www.egemtv.com\/index.php?rest_route=%2Fwp%2Fv2%2Ftags&post=51624"}],"curies":[{"name":"wp","href":"https:\/\/api.w.org\/{rel}","templated":true}]}}