{"id":51621,"date":"2025-08-27T19:14:59","date_gmt":"2025-08-27T16:14:59","guid":{"rendered":"https:\/\/www.egemtv.com\/?p=51621"},"modified":"2025-08-27T19:15:00","modified_gmt":"2025-08-27T16:15:00","slug":"kutahyada-kadin-tarim-sanat-festivali","status":"publish","type":"post","link":"https:\/\/www.egemtv.com\/?p=51621","title":{"rendered":"K\u00fctahya\u2019da Kad\u0131n Tar\u0131m Sanat Festivali"},"content":{"rendered":"<p>K\u00fctahya Kad\u0131n Tar\u0131m Sanat Festivali, Vali Musa I\u015f\u0131n\u2019\u0131n kat\u0131l\u0131m\u0131yla ger\u00e7ekle\u015ftirildi. Kad\u0131n giri\u015fimcilerin el eme\u011fi \u00fcr\u00fcnlerini ve y\u00f6resel lezzetlerini tan\u0131tt\u0131\u011f\u0131 festival, K\u00fctahya\u2019n\u0131n k\u00fclt\u00fcrel ve ekonomik hayat\u0131na canl\u0131l\u0131k katt\u0131.<br \/>\n<br \/>Programa Hava Er E\u011fitim Tugay ve Garnizon Komutan\u0131 Tu\u011fgeneral Mustafa Ba\u015f, M\u00fcstafi T\u00fcmamiral Prof. Dr. Cihat Yayc\u0131, il protokol\u00fc \u00fcyeleri ve \u00e7ok say\u0131da vatanda\u015f kat\u0131ld\u0131. Festival alan\u0131nda kad\u0131n \u00fcreticilerin haz\u0131rlad\u0131\u011f\u0131 stantlarda lavanta ba\u015fta olmak \u00fczere bir\u00e7ok y\u00f6resel \u00fcr\u00fcn sergilendi. Sergilenen \u00fcr\u00fcnler \u00e7ini sanat\u00e7\u0131s\u0131 Nida Ol\u00e7ar taraf\u0131ndan tan\u0131t\u0131ld\u0131. El sanatlar\u0131, do\u011fal \u00fcr\u00fcnler ve geleneksel tatlar\u0131n yer ald\u0131\u011f\u0131 stantlar\u0131 gezen Vali Musa I\u015f\u0131n, kad\u0131nlar\u0131n \u00fcretime kat\u0131l\u0131m\u0131n\u0131n g\u00fc\u00e7lenmesinden duydu\u011fu memnuniyeti dile getirdi. Vali I\u015f\u0131n, &#8220;Kad\u0131nlar\u0131m\u0131z\u0131n el eme\u011fini, \u00fcretkenli\u011fini ve azmini g\u00f6rmek bizleri son derece mutlu ediyor. Kad\u0131nlar\u0131m\u0131z\u0131n tar\u0131mda, sanatta ve ticarette daha g\u00fc\u00e7l\u00fc bir \u015fekilde yer almalar\u0131, ilimizin kalk\u0131nmas\u0131na b\u00fcy\u00fck katk\u0131 sa\u011flayacakt\u0131r. Bu t\u00fcr etkinlikler, K\u00fctahya\u2019n\u0131n hem k\u00fclt\u00fcrel hem de ekonomik hayat\u0131n\u0131 zenginle\u015ftirmektedir. Eme\u011fi ge\u00e7en t\u00fcm \u00fcretici kad\u0131nlar\u0131m\u0131za te\u015fekk\u00fcr ediyorum&#8221; dedi.<br \/>\n<br \/>Festivalin K\u00fctahya\u2019n\u0131n kad\u0131n \u00fcreticilerine ekonomik katk\u0131 sa\u011flayaca\u011f\u0131 ve yerel kalk\u0131nmaya ivme kazand\u0131raca\u011f\u0131 ifade edildi.<br \/><\/p>\n","protected":false},"excerpt":{"rendered":"<p>K\u00fctahya Kad\u0131n Tar\u0131m Sanat Festivali, Vali Musa I\u015f\u0131n\u2019\u0131n kat\u0131l\u0131m\u0131yla ger\u00e7ekle\u015ftirildi. Kad\u0131n giri\u015fimcilerin el eme\u011fi \u00fcr\u00fcnlerini ve y\u00f6resel lezzetlerini tan\u0131tt\u0131\u011f\u0131 festival, K\u00fctahya\u2019n\u0131n k\u00fclt\u00fcrel ve ekonomik hayat\u0131na canl\u0131l\u0131k katt\u0131. Programa Hava Er E\u011fitim Tugay ve Garnizon Komutan\u0131 Tu\u011fgeneral Mustafa Ba\u015f, M\u00fcstafi T\u00fcmamiral Prof. Dr. Cihat Yayc\u0131, il protokol\u00fc \u00fcyeleri ve \u00e7ok say\u0131da vatanda\u015f kat\u0131ld\u0131. Festival alan\u0131nda kad\u0131n&#8230;<\/p>\n","protected":false},"author":1,"featured_media":51622,"comment_status":"open","ping_status":"open","sticky":false,"template":"","format":"standard","meta":{"_crdt_document":"","footnotes":""},"categories":[1],"tags":[],"class_list":["post-51621","post","type-post","status-publish","format-standard","has-post-thumbnail","hentry","category-guncel"],"_links":{"self":[{"href":"https:\/\/www.egemtv.com\/index.php?rest_route=\/wp\/v2\/posts\/51621","targetHints":{"allow":["GET"]}}],"collection":[{"href":"https:\/\/www.egemtv.com\/index.php?rest_route=\/wp\/v2\/posts"}],"about":[{"href":"https:\/\/www.egemtv.com\/index.php?rest_route=\/wp\/v2\/types\/post"}],"author":[{"embeddable":true,"href":"https:\/\/www.egemtv.com\/index.php?rest_route=\/wp\/v2\/users\/1"}],"replies":[{"embeddable":true,"href":"https:\/\/www.egemtv.com\/index.php?rest_route=%2Fwp%2Fv2%2Fcomments&post=51621"}],"version-history":[{"count":1,"href":"https:\/\/www.egemtv.com\/index.php?rest_route=\/wp\/v2\/posts\/51621\/revisions"}],"predecessor-version":[{"id":51623,"href":"https:\/\/www.egemtv.com\/index.php?rest_route=\/wp\/v2\/posts\/51621\/revisions\/51623"}],"wp:featuredmedia":[{"embeddable":true,"href":"https:\/\/www.egemtv.com\/index.php?rest_route=\/wp\/v2\/media\/51622"}],"wp:attachment":[{"href":"https:\/\/www.egemtv.com\/index.php?rest_route=%2Fwp%2Fv2%2Fmedia&parent=51621"}],"wp:term":[{"taxonomy":"category","embeddable":true,"href":"https:\/\/www.egemtv.com\/index.php?rest_route=%2Fwp%2Fv2%2Fcategories&post=51621"},{"taxonomy":"post_tag","embeddable":true,"href":"https:\/\/www.egemtv.com\/index.php?rest_route=%2Fwp%2Fv2%2Ftags&post=51621"}],"curies":[{"name":"wp","href":"https:\/\/api.w.org\/{rel}","templated":true}]}}