{"id":51615,"date":"2025-08-27T18:35:09","date_gmt":"2025-08-27T15:35:09","guid":{"rendered":"https:\/\/www.egemtv.com\/?p=51615"},"modified":"2025-08-27T18:35:10","modified_gmt":"2025-08-27T15:35:10","slug":"didimde-makilik-ve-zeytinlik-yangini-korkuttu","status":"publish","type":"post","link":"https:\/\/www.egemtv.com\/?p=51615","title":{"rendered":"Didim\u2019de makilik ve zeytinlik yang\u0131n\u0131 korkuttu"},"content":{"rendered":"<p>Ayd\u0131n\u2019\u0131n Didim il\u00e7esinde makilik ve zeytinlik alanda \u00e7\u0131kan yang\u0131n kontrol alt\u0131na al\u0131n\u0131rken, yang\u0131nda bir bah\u00e7ede bulunan dam\u0131n \u00e7at\u0131s\u0131 zarar g\u00f6rd\u00fc.<br \/>\n<br \/>Yang\u0131n, Didim il\u00e7esi Fevzipa\u015fa Mahallesi\u2019ndeki makilik ve zeytinlik alanda \u00e7\u0131kt\u0131. Edinilen bilgiye g\u00f6re Halley Sitesi civar\u0131nda bilinmeyen bir nedenle yang\u0131n \u00e7\u0131kt\u0131. R\u00fczgar\u0131n etkisiyle k\u0131sa s\u00fcrede b\u00fcy\u00fcyen yang\u0131n makilik ve zeytinlik alana s\u0131\u00e7rad\u0131. \u00c7evrede sitelerinde bulunmas\u0131 sebebiyle korkulu anlar ya\u015fan\u0131rken, Ayd\u0131n B\u00fcy\u00fck\u015fehir Belediyesi Didim itfaiye amirli\u011fi ekipleri yang\u0131na m\u00fcdahalede bulundu. Yang\u0131n sebebiyle bir bah\u00e7ede bulunan dam\u0131n \u00e7at\u0131s\u0131n\u0131n zarar g\u00f6rd\u00fc\u011f\u00fc \u00f6\u011frenildi. Yang\u0131n itfaiye ekiplerinin m\u00fcdahalesiyle k\u0131sa s\u00fcrede kontrol alt\u0131na al\u0131nd\u0131. \u0130tfaiye ekiplerinin so\u011futma \u00e7al\u0131\u015fmalar\u0131 devam ediyor.<br \/><\/p>\n","protected":false},"excerpt":{"rendered":"<p>Ayd\u0131n\u2019\u0131n Didim il\u00e7esinde makilik ve zeytinlik alanda \u00e7\u0131kan yang\u0131n kontrol alt\u0131na al\u0131n\u0131rken, yang\u0131nda bir bah\u00e7ede bulunan dam\u0131n \u00e7at\u0131s\u0131 zarar g\u00f6rd\u00fc. Yang\u0131n, Didim il\u00e7esi Fevzipa\u015fa Mahallesi\u2019ndeki makilik ve zeytinlik alanda \u00e7\u0131kt\u0131. Edinilen bilgiye g\u00f6re Halley Sitesi civar\u0131nda bilinmeyen bir nedenle yang\u0131n \u00e7\u0131kt\u0131. R\u00fczgar\u0131n etkisiyle k\u0131sa s\u00fcrede b\u00fcy\u00fcyen yang\u0131n makilik ve zeytinlik alana s\u0131\u00e7rad\u0131. \u00c7evrede sitelerinde bulunmas\u0131&#8230;<\/p>\n","protected":false},"author":1,"featured_media":51616,"comment_status":"open","ping_status":"open","sticky":false,"template":"","format":"standard","meta":{"_crdt_document":"","footnotes":""},"categories":[5],"tags":[],"class_list":["post-51615","post","type-post","status-publish","format-standard","has-post-thumbnail","hentry","category-asayis"],"_links":{"self":[{"href":"https:\/\/www.egemtv.com\/index.php?rest_route=\/wp\/v2\/posts\/51615","targetHints":{"allow":["GET"]}}],"collection":[{"href":"https:\/\/www.egemtv.com\/index.php?rest_route=\/wp\/v2\/posts"}],"about":[{"href":"https:\/\/www.egemtv.com\/index.php?rest_route=\/wp\/v2\/types\/post"}],"author":[{"embeddable":true,"href":"https:\/\/www.egemtv.com\/index.php?rest_route=\/wp\/v2\/users\/1"}],"replies":[{"embeddable":true,"href":"https:\/\/www.egemtv.com\/index.php?rest_route=%2Fwp%2Fv2%2Fcomments&post=51615"}],"version-history":[{"count":1,"href":"https:\/\/www.egemtv.com\/index.php?rest_route=\/wp\/v2\/posts\/51615\/revisions"}],"predecessor-version":[{"id":51617,"href":"https:\/\/www.egemtv.com\/index.php?rest_route=\/wp\/v2\/posts\/51615\/revisions\/51617"}],"wp:featuredmedia":[{"embeddable":true,"href":"https:\/\/www.egemtv.com\/index.php?rest_route=\/wp\/v2\/media\/51616"}],"wp:attachment":[{"href":"https:\/\/www.egemtv.com\/index.php?rest_route=%2Fwp%2Fv2%2Fmedia&parent=51615"}],"wp:term":[{"taxonomy":"category","embeddable":true,"href":"https:\/\/www.egemtv.com\/index.php?rest_route=%2Fwp%2Fv2%2Fcategories&post=51615"},{"taxonomy":"post_tag","embeddable":true,"href":"https:\/\/www.egemtv.com\/index.php?rest_route=%2Fwp%2Fv2%2Ftags&post=51615"}],"curies":[{"name":"wp","href":"https:\/\/api.w.org\/{rel}","templated":true}]}}