{"id":51612,"date":"2025-08-27T18:35:08","date_gmt":"2025-08-27T15:35:08","guid":{"rendered":"https:\/\/www.egemtv.com\/?p=51612"},"modified":"2025-08-27T18:35:09","modified_gmt":"2025-08-27T15:35:09","slug":"enerji-nakil-hattina-carpan-kus-yangina-neden-oldu","status":"publish","type":"post","link":"https:\/\/www.egemtv.com\/?p=51612","title":{"rendered":"Enerji nakil hatt\u0131na \u00e7arpan ku\u015f yang\u0131na neden oldu"},"content":{"rendered":"<p>Mu\u011fla\u2019n\u0131n K\u00f6yce\u011fiz il\u00e7esinde enerji nakil hatt\u0131na \u00e7arpan ku\u015f yang\u0131na neden oldu. Alevler havadan ve karadan yap\u0131lan h\u0131zl\u0131 m\u00fcdahale sonucunda b\u00fcy\u00fcmeden kontrol alt\u0131na al\u0131nd\u0131.<br \/>\n<br \/>Yang\u0131n, Yuvarlak\u00e7ay mevkiindeki ormanl\u0131k alanda saat 17.00 s\u0131ralar\u0131nda meydana geldi. Edinilen bilgiye g\u00f6re, ku\u015fun enerji nakil hatt\u0131na \u00e7arpmas\u0131 sonucu yang\u0131n \u00e7\u0131kt\u0131. B\u00f6lgeden y\u00fckselen alevleri fark eden vatanda\u015flar, durumu 112 Acil \u00c7a\u011fr\u0131 Merkezi\u2019ne bildirdi. \u0130hbar \u00fczerine b\u00f6lgeye orman ve itfaiye ekipleri sevk edildi. K\u0131sa s\u00fcrede olay yerine gelen Mu\u011fla Orman B\u00f6lge M\u00fcd\u00fcrl\u00fc\u011f\u00fc ve Mu\u011fla \u0130tfaiye Daire Ba\u015fkanl\u0131\u011f\u0131 ekipleri yang\u0131na karadan m\u00fcdahale ederken, hava ara\u00e7lar\u0131 da ekiplere destek verdi. Ekiplerin yo\u011fun \u00e7al\u0131\u015fmas\u0131 sonucu alevler daha fazla b\u00fcy\u00fcmeden kontrol alt\u0131na al\u0131nd\u0131.<br \/><\/p>\n","protected":false},"excerpt":{"rendered":"<p>Mu\u011fla\u2019n\u0131n K\u00f6yce\u011fiz il\u00e7esinde enerji nakil hatt\u0131na \u00e7arpan ku\u015f yang\u0131na neden oldu. Alevler havadan ve karadan yap\u0131lan h\u0131zl\u0131 m\u00fcdahale sonucunda b\u00fcy\u00fcmeden kontrol alt\u0131na al\u0131nd\u0131. Yang\u0131n, Yuvarlak\u00e7ay mevkiindeki ormanl\u0131k alanda saat 17.00 s\u0131ralar\u0131nda meydana geldi. Edinilen bilgiye g\u00f6re, ku\u015fun enerji nakil hatt\u0131na \u00e7arpmas\u0131 sonucu yang\u0131n \u00e7\u0131kt\u0131. B\u00f6lgeden y\u00fckselen alevleri fark eden vatanda\u015flar, durumu 112 Acil \u00c7a\u011fr\u0131 Merkezi\u2019ne&#8230;<\/p>\n","protected":false},"author":1,"featured_media":51613,"comment_status":"open","ping_status":"open","sticky":false,"template":"","format":"standard","meta":{"_crdt_document":"","footnotes":""},"categories":[5],"tags":[],"class_list":["post-51612","post","type-post","status-publish","format-standard","has-post-thumbnail","hentry","category-asayis"],"_links":{"self":[{"href":"https:\/\/www.egemtv.com\/index.php?rest_route=\/wp\/v2\/posts\/51612","targetHints":{"allow":["GET"]}}],"collection":[{"href":"https:\/\/www.egemtv.com\/index.php?rest_route=\/wp\/v2\/posts"}],"about":[{"href":"https:\/\/www.egemtv.com\/index.php?rest_route=\/wp\/v2\/types\/post"}],"author":[{"embeddable":true,"href":"https:\/\/www.egemtv.com\/index.php?rest_route=\/wp\/v2\/users\/1"}],"replies":[{"embeddable":true,"href":"https:\/\/www.egemtv.com\/index.php?rest_route=%2Fwp%2Fv2%2Fcomments&post=51612"}],"version-history":[{"count":1,"href":"https:\/\/www.egemtv.com\/index.php?rest_route=\/wp\/v2\/posts\/51612\/revisions"}],"predecessor-version":[{"id":51614,"href":"https:\/\/www.egemtv.com\/index.php?rest_route=\/wp\/v2\/posts\/51612\/revisions\/51614"}],"wp:featuredmedia":[{"embeddable":true,"href":"https:\/\/www.egemtv.com\/index.php?rest_route=\/wp\/v2\/media\/51613"}],"wp:attachment":[{"href":"https:\/\/www.egemtv.com\/index.php?rest_route=%2Fwp%2Fv2%2Fmedia&parent=51612"}],"wp:term":[{"taxonomy":"category","embeddable":true,"href":"https:\/\/www.egemtv.com\/index.php?rest_route=%2Fwp%2Fv2%2Fcategories&post=51612"},{"taxonomy":"post_tag","embeddable":true,"href":"https:\/\/www.egemtv.com\/index.php?rest_route=%2Fwp%2Fv2%2Ftags&post=51612"}],"curies":[{"name":"wp","href":"https:\/\/api.w.org\/{rel}","templated":true}]}}