{"id":51609,"date":"2025-08-27T17:55:48","date_gmt":"2025-08-27T14:55:48","guid":{"rendered":"https:\/\/www.egemtv.com\/?p=51609"},"modified":"2025-08-27T17:55:49","modified_gmt":"2025-08-27T14:55:49","slug":"izmirde-uluslararasi-ogrenciler-icin-staj-ve-egitim-programi-tamamlandi","status":"publish","type":"post","link":"https:\/\/www.egemtv.com\/?p=51609","title":{"rendered":"\u0130zmir\u2019de uluslararas\u0131 \u00f6\u011frenciler i\u00e7in staj ve e\u011fitim program\u0131 tamamland\u0131"},"content":{"rendered":"<p>T\u00fcrkiye Burslar\u0131 kapsam\u0131nda \u0130zmir\u2019de e\u011fitim g\u00f6ren uluslararas\u0131 \u00f6\u011frenciler i\u00e7in Ege \u0130hracat\u00e7\u0131 Birlikleri, Ya\u015far \u00dcniversitesi, \u0130zmir Ticaret Borsas\u0131 E\u011fitim, K\u00fclt\u00fcr ve Sosyal Entegrasyon Vakf\u0131 ve TOBB \u0130zmir Kad\u0131n Giri\u015fimciler Kurulu i\u015f birli\u011finde d\u00fczenlenen staj ve e\u011fitim program\u0131 tamamland\u0131. Program sonunda e\u011fitmenlere ve \u00f6\u011frencilere sertifika takdim edildi.<br \/>\n<br \/>Farkl\u0131 \u00fclkelerden gelen ve \u0130zmir\u2019de \u00fcniversite e\u011fitimi g\u00f6ren \u00f6\u011frencilerin kat\u0131ld\u0131\u011f\u0131 4 haftal\u0131k program\u0131n kapan\u0131\u015f\u0131, Ege \u0130hracat\u00e7\u0131 Birlikleri Konferans Salonu\u2019nda ger\u00e7ekle\u015ftirildi. T\u00f6rene Ya\u015far \u00dcniversitesi Ara\u015ft\u0131rma ve Yenilik\u00e7ilikten Sorumlu Rekt\u00f6r Yard\u0131mc\u0131s\u0131 Prof. Dr. Yi\u011fit Kazan\u00e7o\u011flu, Ege \u0130hracat\u00e7\u0131 Birlikleri Koordinat\u00f6r\u00fc Jak Eskinazi, \u0130zmir Ticaret Borsas\u0131 Y\u00f6netim Kurulu Ba\u015fkan\u0131 ve BORSAV Y\u00f6netim Kurulu Ba\u015fkan\u0131 I\u015f\u0131nsu Kestelli, TOBB KGK \u0130zmir \u0130li \u0130cra Kurulu Ba\u015fkan\u0131 Deniz Celep kat\u0131ld\u0131. Kapan\u0131\u015f program\u0131nda kurumlar aras\u0131nda i\u015f birli\u011fi protokol\u00fc imzalan\u0131rken, \u00f6\u011frencilere ve e\u011fitmenlere sertifikalar\u0131 takdim edildi. D\u00fczenlenen program ile mezuniyetin ard\u0131ndan \u00f6\u011frencilerin, T\u00fcrkiye ile kendi \u00fclkeleri aras\u0131nda dostluk ve ticaret k\u00f6pr\u00fcleri kurmalar\u0131n\u0131n hedeflendi\u011fi ifade edildi.<\/p>\n<p>&#8220;Di\u011fer \u00fclkelerde T\u00fcrkiye mezunu bakanlar var&#8221;<br \/>\n<br \/>\u0130zmir Ticaret Borsas\u0131 Y\u00f6netim Kurulu Ba\u015fkan\u0131 I\u015f\u0131nsu Kestelli, y\u00fcr\u00fct\u00fclen e\u011fitim program\u0131n\u0131n T\u00fcrkiye a\u00e7\u0131s\u0131ndan \u00f6nemine de\u011findi. Kestelli, &#8220;Uluslararas\u0131 \u00d6\u011frenciler Staj ve D\u0131\u015f Ticaret E\u011fitim Program\u0131\u2019n\u0131n ilk uygulamas\u0131n\u0131 bug\u00fcn itibar\u0131yla tamamlam\u0131\u015f bulunuyoruz. Her y\u0131l T\u00fcrkiye Burslar\u0131 kapsam\u0131nda 170 \u00fclkeden \u00fclkemizde y\u00fcksek\u00f6\u011frenim g\u00f6rmek i\u00e7in ba\u015fvurular yap\u0131l\u0131yor. Bu ba\u015fvurular i\u00e7inde en ba\u015far\u0131l\u0131 15 ki\u015fi T\u00fcrkiye\u2019de burs almaya hak kazan\u0131yor. \u00dclkemizde 1980\u2019lerde ba\u015flayan uluslararas\u0131la\u015fma s\u00fcreciyle bug\u00fcn Afrika\u2019da pek \u00e7ok \u00fclkede bakanlarla, b\u00fcrokratlarla ve \u00e7ok say\u0131da T\u00fcrkiye mezunu ile kar\u015f\u0131la\u015fmak m\u00fcmk\u00fcn. D\u00fcnyan\u0131n farkl\u0131 \u00fclkelerinden gelen de\u011ferli gen\u00e7ler, ticaretimiz ve mevcut ili\u015fkilerimiz i\u00e7in; hem sosyal hem k\u00fclt\u00fcrel alanlarda \u00f6nemli bir k\u00f6pr\u00fc g\u00f6revi g\u00f6r\u00fcyor. Biz de \u0130zmir Ticaret Borsas\u0131, \u0130zmir Kad\u0131n Giri\u015fimciler Kurulu, Ya\u015far \u00dcniversitesi ve Ege \u0130hracat\u00e7\u0131 Birlikleri olarak \u0130zmir\u2019de e\u011fitim g\u00f6ren gen\u00e7lerin burada ge\u00e7irdikleri zaman\u0131 daha nitelikli hale getirmek i\u00e7in bir araya geldik. Amac\u0131m\u0131z, \u00f6\u011frencilerimizin bir yandan staj yapmalar\u0131na destek olmak, bir yandan da gelecekte kariyerlerinin farkl\u0131 a\u015famalar\u0131nda ihtiya\u00e7 duyabilecekleri ticari bilgilerle donanmalar\u0131na katk\u0131 sa\u011flamakt\u0131r&#8221; dedi.<\/p>\n<p>Celep: &#8220;G\u00fczel geri d\u00f6n\u00fc\u015f ald\u0131k&#8221;<br \/>\n<br \/>Projeden \u00e7ok keyif ald\u0131klar\u0131n\u0131 ve bundan sonra devam ettirmek istediklerini ifade eden T\u00fcrkiye Odalar ve Borsalar Birli\u011fi (TOBB) Kad\u0131n Giri\u015fimciler Kurulu \u0130zmir ili \u0130cra Kurulu Ba\u015fkan\u0131 Deniz Celep, &#8220;Ger\u00e7ekten \u00e7ok k\u0131ymetliydi ve g\u00fczel bir geri d\u00f6n\u00fc\u015f ald\u0131k. Akabinde de protokollerle, payda\u015flar\u0131n ve ailelerin deste\u011fiyle daha da g\u00fc\u00e7l\u00fc bir hale geldik. Sabah ba\u015fkan\u0131m\u0131z meclis konu\u015fmas\u0131nda da ifade etmi\u015fti; hep birlikte \u00e7al\u0131\u015farak ve \u00fcreterek de\u011fer olu\u015fturuyoruz. Bu proje de asl\u0131nda t\u00fcm gen\u00e7ler i\u00e7in \u00f6nemli bir f\u0131rsat ve katk\u0131 oldu. Hedefimiz, bundan sonraki s\u00fcre\u00e7lerde de bu projeleri devam ettirmek. Ba\u015fkan\u0131m\u0131za, Necati Ba\u015fkan\u0131m\u0131za ve t\u00fcm katk\u0131 sunanlara tekrar te\u015fekk\u00fcr ediyoruz. Burada hep birlikte olmak bizim i\u00e7in \u00e7ok k\u0131ymetli. Sizler i\u00e7in de bu \u00e7al\u0131\u015fmalar\u0131n faydalar\u0131n\u0131n artarak, daha da g\u00fczel sonu\u00e7larla geri d\u00f6nmesini diliyoruz&#8221; ifadelerini aktard\u0131.<\/p>\n<p>Kazan\u00e7o\u011flu: &#8220;Ara\u015ft\u0131rma ve e\u011fitim i\u015f birli\u011fi ile faydaya d\u00f6n\u00fc\u015f\u00fcr&#8221;<br \/>\n<br \/>Toplumsal faydan\u0131n olu\u015fmas\u0131 i\u00e7in \u00fcniversitelerin di\u011fer kurumlar ile i\u015f birli\u011fi yapmas\u0131 gerekti\u011fini s\u00f6yleyen Kazan\u00e7o\u011flu, &#8220;Biz \u00fcniversiteler olarak topluma hizmet noktas\u0131nda tek ba\u015f\u0131m\u0131za bir \u015fey yapamay\u0131z. \u00dcniversiteler ara\u015ft\u0131rma ve e\u011fitim boyutunda \u00fcretim yapar, geli\u015ftirir; ancak bunlar\u0131n topluma faydaya d\u00f6n\u00fc\u015febilmesi i\u00e7in bu \u015fehrin, bu \u00fclkenin kurumlar\u0131yla i\u015f birli\u011fine ihtiya\u00e7 vard\u0131r. Ba\u015fkan\u0131m\u0131z\u0131n da ifade etti\u011fi gibi, ger\u00e7ek anlamda topluma dokunabilmek i\u00e7in birlikte \u00e7al\u0131\u015fmak zorunday\u0131z. Bug\u00fcn burada yapt\u0131\u011f\u0131m\u0131z \u00e7al\u0131\u015fma bunun en somut \u00f6rneklerinden biridir. 88 farkl\u0131 \u00fclkeden 577 \u00f6\u011frenci Bu say\u0131 sadece bir rakam de\u011fil, gelece\u011fe dair b\u00fcy\u00fck bir potansiyel. Bu potansiyeli \u00fclkemiz yarar\u0131na kullanabilirsek, firmalar\u0131m\u0131z\u0131n rekabet g\u00fcc\u00fcn\u00fc de art\u0131rm\u0131\u015f oluruz. \u00dcniversitelerin ve mezunlar\u0131n\u0131n rol\u00fc i\u015fte bu noktada \u00e7ok kritik hale geliyor. Bizim de \u00f6nceli\u011fimiz, yaln\u0131zca kentimizde de\u011fil, \u00fclkemiz genelinde rekabet g\u00fcc\u00fcne katk\u0131da bulunacak projeler geli\u015ftirmektir. Bu e\u011fitimlerde eme\u011fi ge\u00e7en t\u00fcm hocalar\u0131m\u0131za, d\u0131\u015f ticaret hedefleri do\u011frultusunda katk\u0131 sa\u011flayan k\u0131ymetli e\u011fitmenlerimize te\u015fekk\u00fcr ediyorum. En b\u00fcy\u00fck te\u015fekk\u00fcr\u00fcm ise, bu koordinasyonu sa\u011flayan ve Yurt D\u0131\u015f\u0131 T\u00fcrkler Ba\u015fkanl\u0131\u011f\u0131 havuzundan faydalanmam\u0131za vesile olan k\u0131ymetli y\u00f6neticimize Kendisine \u015f\u00fckranlar\u0131m\u0131z\u0131 sunuyorum. Ba\u015fkan\u0131m\u0131z\u0131n da belirtti\u011fi gibi, Tar\u0131m Teknoloji Merkezi projesi, kurumlar\u0131n bir araya geldi\u011finde neler ba\u015farabilece\u011finin \u00e7ok g\u00fczel bir \u00f6rne\u011fidir. Payda\u015f olman\u0131n gururunu ya\u015f\u0131yoruz. \u00dcniversite, kamu, YTB, sivil toplum kurulu\u015flar\u0131 ve \u00f6zel sekt\u00f6r; d\u00f6rt temel akt\u00f6r bir araya geldi\u011finde ba\u015far\u0131 ka\u00e7\u0131n\u0131lmazd\u0131r. Ben de bu i\u015f birli\u011fi s\u00fcrecinde eme\u011fi ge\u00e7en herkese te\u015fekk\u00fcr ediyor, sayg\u0131lar\u0131m\u0131 sunuyorum&#8221; diye konu\u015ftu.<br \/><\/p>\n","protected":false},"excerpt":{"rendered":"<p>T\u00fcrkiye Burslar\u0131 kapsam\u0131nda \u0130zmir\u2019de e\u011fitim g\u00f6ren uluslararas\u0131 \u00f6\u011frenciler i\u00e7in Ege \u0130hracat\u00e7\u0131 Birlikleri, Ya\u015far \u00dcniversitesi, \u0130zmir Ticaret Borsas\u0131 E\u011fitim, K\u00fclt\u00fcr ve Sosyal Entegrasyon Vakf\u0131 ve TOBB \u0130zmir Kad\u0131n Giri\u015fimciler Kurulu i\u015f birli\u011finde d\u00fczenlenen staj ve e\u011fitim program\u0131 tamamland\u0131. Program sonunda e\u011fitmenlere ve \u00f6\u011frencilere sertifika takdim edildi. Farkl\u0131 \u00fclkelerden gelen ve \u0130zmir\u2019de \u00fcniversite e\u011fitimi g\u00f6ren \u00f6\u011frencilerin kat\u0131ld\u0131\u011f\u0131&#8230;<\/p>\n","protected":false},"author":1,"featured_media":51610,"comment_status":"open","ping_status":"open","sticky":false,"template":"","format":"standard","meta":{"_crdt_document":"","footnotes":""},"categories":[1],"tags":[],"class_list":["post-51609","post","type-post","status-publish","format-standard","has-post-thumbnail","hentry","category-guncel"],"_links":{"self":[{"href":"https:\/\/www.egemtv.com\/index.php?rest_route=\/wp\/v2\/posts\/51609","targetHints":{"allow":["GET"]}}],"collection":[{"href":"https:\/\/www.egemtv.com\/index.php?rest_route=\/wp\/v2\/posts"}],"about":[{"href":"https:\/\/www.egemtv.com\/index.php?rest_route=\/wp\/v2\/types\/post"}],"author":[{"embeddable":true,"href":"https:\/\/www.egemtv.com\/index.php?rest_route=\/wp\/v2\/users\/1"}],"replies":[{"embeddable":true,"href":"https:\/\/www.egemtv.com\/index.php?rest_route=%2Fwp%2Fv2%2Fcomments&post=51609"}],"version-history":[{"count":1,"href":"https:\/\/www.egemtv.com\/index.php?rest_route=\/wp\/v2\/posts\/51609\/revisions"}],"predecessor-version":[{"id":51611,"href":"https:\/\/www.egemtv.com\/index.php?rest_route=\/wp\/v2\/posts\/51609\/revisions\/51611"}],"wp:featuredmedia":[{"embeddable":true,"href":"https:\/\/www.egemtv.com\/index.php?rest_route=\/wp\/v2\/media\/51610"}],"wp:attachment":[{"href":"https:\/\/www.egemtv.com\/index.php?rest_route=%2Fwp%2Fv2%2Fmedia&parent=51609"}],"wp:term":[{"taxonomy":"category","embeddable":true,"href":"https:\/\/www.egemtv.com\/index.php?rest_route=%2Fwp%2Fv2%2Fcategories&post=51609"},{"taxonomy":"post_tag","embeddable":true,"href":"https:\/\/www.egemtv.com\/index.php?rest_route=%2Fwp%2Fv2%2Ftags&post=51609"}],"curies":[{"name":"wp","href":"https:\/\/api.w.org\/{rel}","templated":true}]}}