{"id":51606,"date":"2025-08-27T17:34:51","date_gmt":"2025-08-27T14:34:51","guid":{"rendered":"https:\/\/www.egemtv.com\/?p=51606"},"modified":"2025-08-27T17:34:52","modified_gmt":"2025-08-27T14:34:52","slug":"ak-parti-genclik-kollarindan-chpli-baskanlarin-yenipazar-ziyaretine-tepki","status":"publish","type":"post","link":"https:\/\/www.egemtv.com\/?p=51606","title":{"rendered":"AK Parti Gen\u00e7lik Kollar\u0131\u2019ndan CHP\u2019li ba\u015fkanlar\u0131n Yenipazar ziyaretine tepki"},"content":{"rendered":"<p>Cumhuriyet Halk Partili (CHP) belediye ba\u015fkanlar\u0131n\u0131n Yenipazar\u2019a gelerek pazar ziyareti yapmalar\u0131na &#8220;\u015fov g\u00f6sterisi&#8221; olarak de\u011ferlendirip tepki g\u00f6steren AK Parti Yenipazar \u0130l\u00e7e Gen\u00e7lik Kollar\u0131 Ba\u015fkan\u0131 Yi\u011fit Ayas, &#8220;Herkes kendi g\u00f6rev alan\u0131nda i\u015fine bakmal\u0131, hizmetini kendi halk\u0131na g\u00f6t\u00fcrmelidir&#8221; dedi.<\/p>\n<p>Cumhuriyet Halk Partili belediye ba\u015fkanlar\u0131n\u0131n Yenipazar\u2019da kurulan semt pazar\u0131n\u0131 ziyareti s\u0131ras\u0131nda bir grup gen\u00e7, Ayd\u0131n B\u00fcy\u00fck\u015fehir Belediye Ba\u015fkan\u0131 \u00d6zlem \u00c7er\u00e7io\u011flu ve Yenipazar Belediye Ba\u015fkan\u0131 Malik Ercan lehine slogan att\u0131. Ziyaretin ard\u0131ndan konuya ili\u015fkin yaz\u0131l\u0131 bir bas\u0131n a\u00e7\u0131klamas\u0131 yapan Yenipazar AK Parti Gen\u00e7lik Kollar\u0131 Ba\u015fkan\u0131 Yi\u011fit Ayas, CHP\u2019li belediye ba\u015fkanlar\u0131n\u0131n Yenipazar\u2019da boy g\u00f6stermesini do\u011fru bulmad\u0131klar\u0131n\u0131 ifade etti. A\u00e7\u0131klamas\u0131nda Yenipazar\u2019\u0131n se\u00e7ilmi\u015f belediye ba\u015fkan\u0131n\u0131n Malik Ercan, Ayd\u0131n\u2019\u0131n B\u00fcy\u00fck\u015fehir Belediye Ba\u015fkan\u0131n\u0131n da \u00d6zlem \u00c7er\u00e7io\u011flu oldu\u011funu hat\u0131rlatan Ayas, &#8220;Hal b\u00f6yleyken, ba\u015fka \u015fehirlerin belediye ba\u015fkanlar\u0131n\u0131n Yenipazar\u2019a gelip \u015fov yapmaya kalk\u0131\u015fmas\u0131, kendi \u015fehirlerindeki sorunlar\u0131 b\u0131rak\u0131p burada boy g\u00f6stermesi do\u011fru de\u011fildir. Herkes kendi g\u00f6rev alan\u0131nda i\u015fine bakmal\u0131, hizmetini kendi halk\u0131na g\u00f6t\u00fcrmelidir&#8221; dedi.<\/p>\n<p>Ayas, Yenipazar i\u00e7in hizmet \u00fcretmek isteyen tek ismin Malik Ercan oldu\u011funu vurgulayarak, &#8220;Ayd\u0131n i\u00e7in de B\u00fcy\u00fck\u015fehir Belediye Ba\u015fkan\u0131 \u00d6zlem \u00c7er\u00e7io\u011flu\u2019dur. Onlar\u0131n d\u0131\u015f\u0131nda kimsenin Yenipazar \u00fczerinden siyaset yapmas\u0131na, milletimizi oyalamas\u0131na gerek yoktur. AK Gen\u00e7lik olarak biz, bo\u015f tart\u0131\u015fmalara de\u011fil; hizmete, esere ve milletimizin taleplerine odaklanmaya devam edece\u011fiz&#8221; ifadelerine yer verdi.<br \/><\/p>\n","protected":false},"excerpt":{"rendered":"<p>Cumhuriyet Halk Partili (CHP) belediye ba\u015fkanlar\u0131n\u0131n Yenipazar\u2019a gelerek pazar ziyareti yapmalar\u0131na &#8220;\u015fov g\u00f6sterisi&#8221; olarak de\u011ferlendirip tepki g\u00f6steren AK Parti Yenipazar \u0130l\u00e7e Gen\u00e7lik Kollar\u0131 Ba\u015fkan\u0131 Yi\u011fit Ayas, &#8220;Herkes kendi g\u00f6rev alan\u0131nda i\u015fine bakmal\u0131, hizmetini kendi halk\u0131na g\u00f6t\u00fcrmelidir&#8221; dedi. Cumhuriyet Halk Partili belediye ba\u015fkanlar\u0131n\u0131n Yenipazar\u2019da kurulan semt pazar\u0131n\u0131 ziyareti s\u0131ras\u0131nda bir grup gen\u00e7, Ayd\u0131n B\u00fcy\u00fck\u015fehir Belediye Ba\u015fkan\u0131&#8230;<\/p>\n","protected":false},"author":1,"featured_media":51607,"comment_status":"open","ping_status":"open","sticky":false,"template":"","format":"standard","meta":{"_crdt_document":"","footnotes":""},"categories":[127],"tags":[],"class_list":["post-51606","post","type-post","status-publish","format-standard","has-post-thumbnail","hentry","category-siyaset"],"_links":{"self":[{"href":"https:\/\/www.egemtv.com\/index.php?rest_route=\/wp\/v2\/posts\/51606","targetHints":{"allow":["GET"]}}],"collection":[{"href":"https:\/\/www.egemtv.com\/index.php?rest_route=\/wp\/v2\/posts"}],"about":[{"href":"https:\/\/www.egemtv.com\/index.php?rest_route=\/wp\/v2\/types\/post"}],"author":[{"embeddable":true,"href":"https:\/\/www.egemtv.com\/index.php?rest_route=\/wp\/v2\/users\/1"}],"replies":[{"embeddable":true,"href":"https:\/\/www.egemtv.com\/index.php?rest_route=%2Fwp%2Fv2%2Fcomments&post=51606"}],"version-history":[{"count":1,"href":"https:\/\/www.egemtv.com\/index.php?rest_route=\/wp\/v2\/posts\/51606\/revisions"}],"predecessor-version":[{"id":51608,"href":"https:\/\/www.egemtv.com\/index.php?rest_route=\/wp\/v2\/posts\/51606\/revisions\/51608"}],"wp:featuredmedia":[{"embeddable":true,"href":"https:\/\/www.egemtv.com\/index.php?rest_route=\/wp\/v2\/media\/51607"}],"wp:attachment":[{"href":"https:\/\/www.egemtv.com\/index.php?rest_route=%2Fwp%2Fv2%2Fmedia&parent=51606"}],"wp:term":[{"taxonomy":"category","embeddable":true,"href":"https:\/\/www.egemtv.com\/index.php?rest_route=%2Fwp%2Fv2%2Fcategories&post=51606"},{"taxonomy":"post_tag","embeddable":true,"href":"https:\/\/www.egemtv.com\/index.php?rest_route=%2Fwp%2Fv2%2Ftags&post=51606"}],"curies":[{"name":"wp","href":"https:\/\/api.w.org\/{rel}","templated":true}]}}