{"id":51603,"date":"2025-08-27T17:34:50","date_gmt":"2025-08-27T14:34:50","guid":{"rendered":"https:\/\/www.egemtv.com\/?p=51603"},"modified":"2025-08-27T17:34:51","modified_gmt":"2025-08-27T14:34:51","slug":"nazilli-belediyesi-sampiyonlar-ligi-heyecanini-meydana-tasiyor","status":"publish","type":"post","link":"https:\/\/www.egemtv.com\/?p=51603","title":{"rendered":"Nazilli Belediyesi \u015eampiyonlar Ligi heyecan\u0131n\u0131 meydana ta\u015f\u0131yor"},"content":{"rendered":"<p>Nazilli Belediyesi, \u015eampiyonlar Ligi Play-Off m\u00fccadelesini Cumhuriyet Meydan\u0131\u2019n\u0131ndaki dev ekranda futbolseverlerle bulu\u015fturacak.<br \/>\n<br \/>27 A\u011fustos \u00c7ar\u015famba ak\u015fam\u0131 saat 22.00\u2019de oynanacak Benfica &#8211; Fenerbah\u00e7e kar\u015f\u0131la\u015fmas\u0131, Nazillililere a\u00e7\u0131k alanda co\u015fku dolu bir futbol atmosferi ya\u015fatacak. T\u00fcm spor severleri Cumhuriyet Meydan\u0131\u2019na davet eden Belediye Ba\u015fkan\u0131 Dr. Ertu\u011frul Tetik; &#8221; \u015eampiyonlar Ligi heyecan\u0131n\u0131 hep birlikte ya\u015fayal\u0131m. Tak\u0131m\u0131m\u0131za omuz omuza destek olal\u0131m&#8221; s\u00f6zlerinikaydetti.<br \/><\/p>\n","protected":false},"excerpt":{"rendered":"<p>Nazilli Belediyesi, \u015eampiyonlar Ligi Play-Off m\u00fccadelesini Cumhuriyet Meydan\u0131\u2019n\u0131ndaki dev ekranda futbolseverlerle bulu\u015fturacak. 27 A\u011fustos \u00c7ar\u015famba ak\u015fam\u0131 saat 22.00\u2019de oynanacak Benfica &#8211; Fenerbah\u00e7e kar\u015f\u0131la\u015fmas\u0131, Nazillililere a\u00e7\u0131k alanda co\u015fku dolu bir futbol atmosferi ya\u015fatacak. T\u00fcm spor severleri Cumhuriyet Meydan\u0131\u2019na davet eden Belediye Ba\u015fkan\u0131 Dr. Ertu\u011frul Tetik; &#8221; \u015eampiyonlar Ligi heyecan\u0131n\u0131 hep birlikte ya\u015fayal\u0131m. Tak\u0131m\u0131m\u0131za omuz omuza destek&#8230;<\/p>\n","protected":false},"author":1,"featured_media":51604,"comment_status":"open","ping_status":"open","sticky":false,"template":"","format":"standard","meta":{"_crdt_document":"","footnotes":""},"categories":[4],"tags":[],"class_list":["post-51603","post","type-post","status-publish","format-standard","has-post-thumbnail","hentry","category-spor"],"_links":{"self":[{"href":"https:\/\/www.egemtv.com\/index.php?rest_route=\/wp\/v2\/posts\/51603","targetHints":{"allow":["GET"]}}],"collection":[{"href":"https:\/\/www.egemtv.com\/index.php?rest_route=\/wp\/v2\/posts"}],"about":[{"href":"https:\/\/www.egemtv.com\/index.php?rest_route=\/wp\/v2\/types\/post"}],"author":[{"embeddable":true,"href":"https:\/\/www.egemtv.com\/index.php?rest_route=\/wp\/v2\/users\/1"}],"replies":[{"embeddable":true,"href":"https:\/\/www.egemtv.com\/index.php?rest_route=%2Fwp%2Fv2%2Fcomments&post=51603"}],"version-history":[{"count":1,"href":"https:\/\/www.egemtv.com\/index.php?rest_route=\/wp\/v2\/posts\/51603\/revisions"}],"predecessor-version":[{"id":51605,"href":"https:\/\/www.egemtv.com\/index.php?rest_route=\/wp\/v2\/posts\/51603\/revisions\/51605"}],"wp:featuredmedia":[{"embeddable":true,"href":"https:\/\/www.egemtv.com\/index.php?rest_route=\/wp\/v2\/media\/51604"}],"wp:attachment":[{"href":"https:\/\/www.egemtv.com\/index.php?rest_route=%2Fwp%2Fv2%2Fmedia&parent=51603"}],"wp:term":[{"taxonomy":"category","embeddable":true,"href":"https:\/\/www.egemtv.com\/index.php?rest_route=%2Fwp%2Fv2%2Fcategories&post=51603"},{"taxonomy":"post_tag","embeddable":true,"href":"https:\/\/www.egemtv.com\/index.php?rest_route=%2Fwp%2Fv2%2Ftags&post=51603"}],"curies":[{"name":"wp","href":"https:\/\/api.w.org\/{rel}","templated":true}]}}