{"id":51600,"date":"2025-08-27T16:35:35","date_gmt":"2025-08-27T13:35:35","guid":{"rendered":"https:\/\/www.egemtv.com\/?p=51600"},"modified":"2025-08-27T16:35:36","modified_gmt":"2025-08-27T13:35:36","slug":"isparta-belediyesinden-dere-ve-yenice-mahallelerine-sinema-keyfi","status":"publish","type":"post","link":"https:\/\/www.egemtv.com\/?p=51600","title":{"rendered":"Isparta Belediyesi\u2019nden Dere ve Yenice Mahallelerine sinema keyfi"},"content":{"rendered":"<p>Isparta Belediyesi Yaz Ak\u015famlar\u0131 Sinema etkinlikleri devam ediyor. Sinema etkinli\u011finin bir sonraki dura\u011f\u0131 Dere ve Yenice Mahalleleri oldu. \u00c7ocuklar kendileri i\u00e7in kurulan oyun alanlar\u0131nda g\u00f6n\u00fcllerince e\u011flenirken, mahalle sakinleri de Ye\u015fil\u00e7am\u2019dan unutulmaz bir filmi hep birlikte izledi.<br \/>\n<br \/>Isparta Belediyesi taraf\u0131ndan kentte sosyal ve k\u00fclt\u00fcrel etkinlikler devam ediyor. O etkinliklerden biri de Yaz Ak\u015famlar\u0131 Sinemas\u0131 etkinli\u011fi. \u00d6zellikle s\u0131cak yaz g\u00fcnlerinde vatanda\u015flara keyifli ak\u015famlar ya\u015fatmak i\u00e7in mahallelerde sinema etkinli\u011fi d\u00fczenleyen Isparta Belediyesi, etkinli\u011fe kat\u0131lan \u00e7ocuklara ve vatanda\u015flara \u00e7e\u015fitli ikramlarda bulunuyor. Yaz Ak\u015fam\u0131 Sinemas\u0131 etkinli\u011fi bu kez Dere ve Yenice Mahallelerinde d\u00fczenlendi. Etkinlik \u00f6ncesinde \u00e7ocuklar kendileri i\u00e7in kurulan oyun park\u0131nda g\u00f6n\u00fcllerince e\u011flendi. Mahalle sakinleri ise Isparta Belediyesi taraf\u0131ndan sunulan m\u0131s\u0131r, meyve suyu, pamuk \u015feker gibi ikramlarla sinema saatini bekledi.<\/p>\n<p>&#8220;Ba\u015fkan\u0131m\u0131za \u00e7ok te\u015fekk\u00fcr ediyoruz&#8221;<br \/>\n<br \/>Mahalle sakinleri, s\u0131cak yaz g\u00fcnlerde bu t\u00fcr etkinliklerin hem kendileri i\u00e7in hem de \u00e7ocuklar i\u00e7in g\u00fczel oldu\u011funu belirterek, etkinliklerin devam etmesini istediler, Belediye Ba\u015fkan\u0131 \u015e\u00fckr\u00fc Ba\u015fde\u011firmen\u2019e te\u015fekk\u00fcr ettiler. Vatanda\u015flar, &#8220;Isparta Belediye Ba\u015fkan\u0131m\u0131z \u015e\u00fckr\u00fc Ba\u015fde\u011firmen\u2019in yapt\u0131\u011f\u0131 bu etkinlikler bizi ve \u00f6zellikle de \u00e7ocuklar\u0131m\u0131z \u00e7ok mutlu ediyor. Burada \u00e7ocuklar\u0131m\u0131z g\u00fczel vakit ge\u00e7iriyor. Bizlerde evlerimizde s\u0131k\u0131lmaktansa bu t\u00fcr etkinliklerle bir nebze de olsa g\u00fcn\u00fcn stresini ve yorgunlu\u011funu at\u0131yoruz. Bu nedenle Belediye Ba\u015fkan\u0131m\u0131z \u015e\u00fckr\u00fc Ba\u015fde\u011firmen\u2019e bu t\u00fcr etkinlikleri d\u00fczenledi\u011fi i\u00e7in \u00e7ok te\u015fekk\u00fcr ediyoruz&#8221; dediler.<br \/>\n<br \/>&#8220;Yaz sinema etkinli\u011fimiz Dere ve Yenice Mahallesi\u2019nde d\u00fczenleniyor&#8221;<br \/>\n<br \/>Dere Mahallesi Muhtar\u0131 \u015eakir Ta\u015f\u00e7eken, Yaz sinema etkinli\u011finin mahalle sakinleri aras\u0131ndaki birlik ve beraberli\u011fi peki\u015ftirdi\u011fini ifade etti. Ta\u015f\u00e7eken, &#8220;Yaz sinema etkinli\u011fimiz Dere ve Yenice Mahallesi\u2019nde d\u00fczenleniyor. Bu t\u00fcr etkinliklerde mahalle sakinlerimiz birbirleriyle kayna\u015farak ho\u015f\u00e7a vakit ge\u00e7iriyor. Bu etkinli\u011fi d\u00fczenleyen Isparta Belediye Ba\u015fkan\u0131m\u0131z \u015e\u00fckr\u00fc Ba\u015fde\u011firmen\u2019e \u00e7ok te\u015fekk\u00fcr ediyorum&#8221; dedi.<br \/>\n<br \/>Yenice Mahallesi Muhtar\u0131 \u0130smail Akkaya ise Yaz Sinemas\u0131 etkinli\u011fi i\u00e7in, &#8220;Tabi ki bu t\u00fcr etkinlikler bizim i\u00e7in \u00e7ok g\u00fczel. Giri\u015fte gezici k\u00fct\u00fcphanemiz var. Burada da sinemam\u0131z. Eski g\u00fcnleri de hat\u0131rl\u0131yoruz, eski Isparta\u2019y\u0131. \u00c7ok mutluyuz. Isparta Belediye Ba\u015fkan\u0131m\u0131z \u015e\u00fckr\u00fc Ba\u015fde\u011firmen\u2019e \u00e7ok te\u015fekk\u00fcr ediyoruz. \u0130n\u015fallah bu t\u00fcr etkinliklerin devam\u0131n\u0131 diliyoruz&#8221; diye konu\u015ftu. Konu\u015fmalar\u0131n ard\u0131ndan film g\u00f6sterimine ge\u00e7ildi. Mahalle sakinleri Ye\u015fil\u00e7am\u2019dan unutulmaz bir filmi hep birlikte izledi.<br \/>\n<br \/>Hediye Un Fabrikas\u0131 \u0130lkokulu bah\u00e7esinde d\u00fczenlenen film g\u00f6sterimine Isparta Belediye Ba\u015fkan\u0131 \u015e\u00fckr\u00fc Ba\u015fde\u011firmen\u2019in e\u015fi \u015eadiye Ba\u015fde\u011firmen, belediye ba\u015fkan yard\u0131mc\u0131lar\u0131 ve \u00e7ok say\u0131da vatanda\u015f kat\u0131ld\u0131.<\/p>\n","protected":false},"excerpt":{"rendered":"<p>Isparta Belediyesi Yaz Ak\u015famlar\u0131 Sinema etkinlikleri devam ediyor. Sinema etkinli\u011finin bir sonraki dura\u011f\u0131 Dere ve Yenice Mahalleleri oldu. \u00c7ocuklar kendileri i\u00e7in kurulan oyun alanlar\u0131nda g\u00f6n\u00fcllerince e\u011flenirken, mahalle sakinleri de Ye\u015fil\u00e7am\u2019dan unutulmaz bir filmi hep birlikte izledi. Isparta Belediyesi taraf\u0131ndan kentte sosyal ve k\u00fclt\u00fcrel etkinlikler devam ediyor. O etkinliklerden biri de Yaz Ak\u015famlar\u0131 Sinemas\u0131 etkinli\u011fi. \u00d6zellikle&#8230;<\/p>\n","protected":false},"author":1,"featured_media":51601,"comment_status":"open","ping_status":"open","sticky":false,"template":"","format":"standard","meta":{"_crdt_document":"","footnotes":""},"categories":[1],"tags":[],"class_list":["post-51600","post","type-post","status-publish","format-standard","has-post-thumbnail","hentry","category-guncel"],"_links":{"self":[{"href":"https:\/\/www.egemtv.com\/index.php?rest_route=\/wp\/v2\/posts\/51600","targetHints":{"allow":["GET"]}}],"collection":[{"href":"https:\/\/www.egemtv.com\/index.php?rest_route=\/wp\/v2\/posts"}],"about":[{"href":"https:\/\/www.egemtv.com\/index.php?rest_route=\/wp\/v2\/types\/post"}],"author":[{"embeddable":true,"href":"https:\/\/www.egemtv.com\/index.php?rest_route=\/wp\/v2\/users\/1"}],"replies":[{"embeddable":true,"href":"https:\/\/www.egemtv.com\/index.php?rest_route=%2Fwp%2Fv2%2Fcomments&post=51600"}],"version-history":[{"count":1,"href":"https:\/\/www.egemtv.com\/index.php?rest_route=\/wp\/v2\/posts\/51600\/revisions"}],"predecessor-version":[{"id":51602,"href":"https:\/\/www.egemtv.com\/index.php?rest_route=\/wp\/v2\/posts\/51600\/revisions\/51602"}],"wp:featuredmedia":[{"embeddable":true,"href":"https:\/\/www.egemtv.com\/index.php?rest_route=\/wp\/v2\/media\/51601"}],"wp:attachment":[{"href":"https:\/\/www.egemtv.com\/index.php?rest_route=%2Fwp%2Fv2%2Fmedia&parent=51600"}],"wp:term":[{"taxonomy":"category","embeddable":true,"href":"https:\/\/www.egemtv.com\/index.php?rest_route=%2Fwp%2Fv2%2Fcategories&post=51600"},{"taxonomy":"post_tag","embeddable":true,"href":"https:\/\/www.egemtv.com\/index.php?rest_route=%2Fwp%2Fv2%2Ftags&post=51600"}],"curies":[{"name":"wp","href":"https:\/\/api.w.org\/{rel}","templated":true}]}}