{"id":51597,"date":"2025-08-27T16:35:34","date_gmt":"2025-08-27T13:35:34","guid":{"rendered":"https:\/\/www.egemtv.com\/?p=51597"},"modified":"2025-08-27T16:35:35","modified_gmt":"2025-08-27T13:35:35","slug":"aydinda-mera-islah-projeleri-suruyor","status":"publish","type":"post","link":"https:\/\/www.egemtv.com\/?p=51597","title":{"rendered":"Ayd\u0131n\u2019da mera \u0131slah projeleri s\u00fcr\u00fcyor"},"content":{"rendered":"<p>Ayd\u0131n genelinde 6 mahallede uygulanacak Mera Islah ve Amenajman Projeleriyle, ot kalitesi art\u0131r\u0131larak hayvanc\u0131l\u0131\u011fa daha sa\u011fl\u0131kl\u0131 katk\u0131 sa\u011flanacak.<br \/>\n<br \/>Ayd\u0131n \u0130l Tar\u0131m ve Orman M\u00fcd\u00fcrl\u00fc\u011f\u00fc, meralar\u0131n verimlili\u011fini art\u0131rmak ve s\u00fcrd\u00fcr\u00fclebilir kullan\u0131m\u0131n\u0131 sa\u011flamak amac\u0131yla ba\u015flatt\u0131\u011f\u0131 Mera Islah ve Amenajman Projeleri kapsam\u0131nda \u00e7al\u0131\u015fmalar\u0131n\u0131 s\u00fcrd\u00fcr\u00fcyor. Bu kapsamda \u0130l M\u00fcd\u00fcr\u00fc Ayhan Temiz, \u00c7ine\u2019nin Halla\u00e7lar Mahallesi\u2019nde y\u00fcr\u00fct\u00fclen projeyi yerinde inceleyerek, \u00c7ay\u0131r Mera ve Yem Bitkileri \u015eube M\u00fcd\u00fcr\u00fc Aynur Belur ve \u0130l\u00e7e M\u00fcd\u00fcr\u00fc Ahmet \u0130p\u00e7i\u2019den bilgi ald\u0131. 2025 y\u0131l\u0131 i\u00e7erisinde Ayd\u0131n genelinde 6 mahallede uygulanacak projelerle otlatma kapasitesinin art\u0131r\u0131lmas\u0131, ot kalitesinin iyile\u015ftirilmesi ve hayvanc\u0131l\u0131\u011f\u0131n daha sa\u011fl\u0131kl\u0131 bir zeminde desteklenmesi hedefleniyor. Yap\u0131lan \u00e7al\u0131\u015fmalarla hem hayvanlara daha kaliteli besin kayna\u011f\u0131 sunulaca\u011f\u0131n\u0131 hem de meralar\u0131n gelece\u011finin g\u00fcvence alt\u0131na al\u0131naca\u011f\u0131n\u0131 vurgulayan Ayd\u0131n \u0130l Tar\u0131m ve Orman M\u00fcd\u00fcrl\u00fc\u011f\u00fc, konu ile ilgili yapt\u0131\u011f\u0131 a\u00e7\u0131klamada &#8220;Meralar\u0131m\u0131z\u0131n \u0131slah edilerek otlatma kapasitelerinin art\u0131r\u0131lmas\u0131, ot kalitesinin iyile\u015ftirilmesi ve s\u00fcrd\u00fcr\u00fclebilirli\u011fin sa\u011flanmas\u0131 amac\u0131yla Bakanl\u0131\u011f\u0131m\u0131zca onaylanan projelerimiz devam ediyor. Bu y\u0131l ilimiz genelinde 6 mahallede ger\u00e7ekle\u015ftirilecek projelerle ot kalitesini art\u0131rarak hayvanlar\u0131m\u0131za daha sa\u011fl\u0131kl\u0131 besin kayna\u011f\u0131 sa\u011fl\u0131yoruz, meralar\u0131m\u0131z\u0131n gelece\u011fini g\u00fcvence alt\u0131na al\u0131yoruz&#8221; ifadeleri yer ald\u0131.<br \/><\/p>\n","protected":false},"excerpt":{"rendered":"<p>Ayd\u0131n genelinde 6 mahallede uygulanacak Mera Islah ve Amenajman Projeleriyle, ot kalitesi art\u0131r\u0131larak hayvanc\u0131l\u0131\u011fa daha sa\u011fl\u0131kl\u0131 katk\u0131 sa\u011flanacak. Ayd\u0131n \u0130l Tar\u0131m ve Orman M\u00fcd\u00fcrl\u00fc\u011f\u00fc, meralar\u0131n verimlili\u011fini art\u0131rmak ve s\u00fcrd\u00fcr\u00fclebilir kullan\u0131m\u0131n\u0131 sa\u011flamak amac\u0131yla ba\u015flatt\u0131\u011f\u0131 Mera Islah ve Amenajman Projeleri kapsam\u0131nda \u00e7al\u0131\u015fmalar\u0131n\u0131 s\u00fcrd\u00fcr\u00fcyor. Bu kapsamda \u0130l M\u00fcd\u00fcr\u00fc Ayhan Temiz, \u00c7ine\u2019nin Halla\u00e7lar Mahallesi\u2019nde y\u00fcr\u00fct\u00fclen projeyi yerinde inceleyerek, \u00c7ay\u0131r&#8230;<\/p>\n","protected":false},"author":1,"featured_media":51598,"comment_status":"open","ping_status":"open","sticky":false,"template":"","format":"standard","meta":{"_crdt_document":"","footnotes":""},"categories":[1],"tags":[],"class_list":["post-51597","post","type-post","status-publish","format-standard","has-post-thumbnail","hentry","category-guncel"],"_links":{"self":[{"href":"https:\/\/www.egemtv.com\/index.php?rest_route=\/wp\/v2\/posts\/51597","targetHints":{"allow":["GET"]}}],"collection":[{"href":"https:\/\/www.egemtv.com\/index.php?rest_route=\/wp\/v2\/posts"}],"about":[{"href":"https:\/\/www.egemtv.com\/index.php?rest_route=\/wp\/v2\/types\/post"}],"author":[{"embeddable":true,"href":"https:\/\/www.egemtv.com\/index.php?rest_route=\/wp\/v2\/users\/1"}],"replies":[{"embeddable":true,"href":"https:\/\/www.egemtv.com\/index.php?rest_route=%2Fwp%2Fv2%2Fcomments&post=51597"}],"version-history":[{"count":1,"href":"https:\/\/www.egemtv.com\/index.php?rest_route=\/wp\/v2\/posts\/51597\/revisions"}],"predecessor-version":[{"id":51599,"href":"https:\/\/www.egemtv.com\/index.php?rest_route=\/wp\/v2\/posts\/51597\/revisions\/51599"}],"wp:featuredmedia":[{"embeddable":true,"href":"https:\/\/www.egemtv.com\/index.php?rest_route=\/wp\/v2\/media\/51598"}],"wp:attachment":[{"href":"https:\/\/www.egemtv.com\/index.php?rest_route=%2Fwp%2Fv2%2Fmedia&parent=51597"}],"wp:term":[{"taxonomy":"category","embeddable":true,"href":"https:\/\/www.egemtv.com\/index.php?rest_route=%2Fwp%2Fv2%2Fcategories&post=51597"},{"taxonomy":"post_tag","embeddable":true,"href":"https:\/\/www.egemtv.com\/index.php?rest_route=%2Fwp%2Fv2%2Ftags&post=51597"}],"curies":[{"name":"wp","href":"https:\/\/api.w.org\/{rel}","templated":true}]}}