{"id":51591,"date":"2025-08-27T16:15:28","date_gmt":"2025-08-27T13:15:28","guid":{"rendered":"https:\/\/www.egemtv.com\/?p=51591"},"modified":"2025-08-27T16:15:29","modified_gmt":"2025-08-27T13:15:29","slug":"asirlik-cinarin-dali-otomobilin-uzerine-dustu","status":"publish","type":"post","link":"https:\/\/www.egemtv.com\/?p=51591","title":{"rendered":"As\u0131rl\u0131k \u00e7\u0131nar\u0131n dal\u0131 otomobilin \u00fczerine d\u00fc\u015ft\u00fc"},"content":{"rendered":"<p>Isparta\u2019n\u0131n \u015earkikaraa\u011fa\u00e7 il\u00e7esinde as\u0131rl\u0131k \u00e7\u0131nar a\u011fac\u0131n\u0131n dal\u0131 koparak seyir halindeki otomobilin \u00fczerine d\u00fc\u015ft\u00fc. \u015eans eseri olayda yaralanan olmad\u0131.<br \/>\n<br \/>Olay, \u00f6\u011fle saatlerinde Isparta\u2019n\u0131n \u015earkikara\u011fa\u00e7 il\u00e7esi Merkez Camii mevkiinde meydana geldi. Edinilen bilgiye g\u00f6re, as\u0131rl\u0131k \u00e7\u0131nar a\u011fac\u0131n\u0131n dal\u0131 bir anda koparak 06 VMK 39 plakal\u0131 Volkswagen marka otomobilin \u00fczerine d\u00fc\u015ft\u00fc. \u00c7evrede pani\u011fe neden olan olayda yaralanan olmazken, ara\u00e7ta maddi hasar olu\u015ftu. Vatanda\u015flar b\u00fcy\u00fck bir tehlike atlat\u0131ld\u0131\u011f\u0131n\u0131 belirtirken, a\u011fac\u0131n alt\u0131nda olay s\u0131ras\u0131nda kimsenin bulunmamas\u0131 il\u00e7e halk\u0131 i\u00e7in teselli oldu.<br \/><\/p>\n","protected":false},"excerpt":{"rendered":"<p>Isparta\u2019n\u0131n \u015earkikaraa\u011fa\u00e7 il\u00e7esinde as\u0131rl\u0131k \u00e7\u0131nar a\u011fac\u0131n\u0131n dal\u0131 koparak seyir halindeki otomobilin \u00fczerine d\u00fc\u015ft\u00fc. \u015eans eseri olayda yaralanan olmad\u0131. Olay, \u00f6\u011fle saatlerinde Isparta\u2019n\u0131n \u015earkikara\u011fa\u00e7 il\u00e7esi Merkez Camii mevkiinde meydana geldi. Edinilen bilgiye g\u00f6re, as\u0131rl\u0131k \u00e7\u0131nar a\u011fac\u0131n\u0131n dal\u0131 bir anda koparak 06 VMK 39 plakal\u0131 Volkswagen marka otomobilin \u00fczerine d\u00fc\u015ft\u00fc. \u00c7evrede pani\u011fe neden olan olayda yaralanan olmazken,&#8230;<\/p>\n","protected":false},"author":1,"featured_media":51592,"comment_status":"open","ping_status":"open","sticky":false,"template":"","format":"standard","meta":{"_crdt_document":"","footnotes":""},"categories":[5],"tags":[],"class_list":["post-51591","post","type-post","status-publish","format-standard","has-post-thumbnail","hentry","category-asayis"],"_links":{"self":[{"href":"https:\/\/www.egemtv.com\/index.php?rest_route=\/wp\/v2\/posts\/51591","targetHints":{"allow":["GET"]}}],"collection":[{"href":"https:\/\/www.egemtv.com\/index.php?rest_route=\/wp\/v2\/posts"}],"about":[{"href":"https:\/\/www.egemtv.com\/index.php?rest_route=\/wp\/v2\/types\/post"}],"author":[{"embeddable":true,"href":"https:\/\/www.egemtv.com\/index.php?rest_route=\/wp\/v2\/users\/1"}],"replies":[{"embeddable":true,"href":"https:\/\/www.egemtv.com\/index.php?rest_route=%2Fwp%2Fv2%2Fcomments&post=51591"}],"version-history":[{"count":1,"href":"https:\/\/www.egemtv.com\/index.php?rest_route=\/wp\/v2\/posts\/51591\/revisions"}],"predecessor-version":[{"id":51593,"href":"https:\/\/www.egemtv.com\/index.php?rest_route=\/wp\/v2\/posts\/51591\/revisions\/51593"}],"wp:featuredmedia":[{"embeddable":true,"href":"https:\/\/www.egemtv.com\/index.php?rest_route=\/wp\/v2\/media\/51592"}],"wp:attachment":[{"href":"https:\/\/www.egemtv.com\/index.php?rest_route=%2Fwp%2Fv2%2Fmedia&parent=51591"}],"wp:term":[{"taxonomy":"category","embeddable":true,"href":"https:\/\/www.egemtv.com\/index.php?rest_route=%2Fwp%2Fv2%2Fcategories&post=51591"},{"taxonomy":"post_tag","embeddable":true,"href":"https:\/\/www.egemtv.com\/index.php?rest_route=%2Fwp%2Fv2%2Ftags&post=51591"}],"curies":[{"name":"wp","href":"https:\/\/api.w.org\/{rel}","templated":true}]}}