{"id":51588,"date":"2025-08-27T15:54:56","date_gmt":"2025-08-27T12:54:56","guid":{"rendered":"https:\/\/www.egemtv.com\/?p=51588"},"modified":"2025-08-27T15:54:57","modified_gmt":"2025-08-27T12:54:57","slug":"manisali-kuyumcularin-yeni-baskani-odevli-oldu","status":"publish","type":"post","link":"https:\/\/www.egemtv.com\/?p=51588","title":{"rendered":"Manisal\u0131 kuyumcular\u0131n yeni ba\u015fkan\u0131 \u00d6devli oldu"},"content":{"rendered":"<p>Manisa Kuyumcular ve Sarraflar Derne\u011fi\u2019nde mevcut Ba\u015fkan Erkan \u00d6z\u015fen\u2019in yeniden aday olmad\u0131\u011f\u0131 ola\u011fan\u00fcst\u00fc genel kurulda kuyumcular yeni ba\u015fkanlar\u0131n\u0131 se\u00e7ti. Oylar\u0131n 88\u2019ini alan Mehmet \u00d6devli ba\u015fkan se\u00e7ilirken, di\u011fer aday Atilla Be\u011fendik ise 28 oy ald\u0131.<br \/>\n<br \/>Manisa Kuyumcular ve Sarraflar Derne\u011finin ola\u011fan\u00fcst\u00fc genel kurulunda yeni ba\u015fkan belli oldu. Dernekte iki d\u00f6nemdir ba\u015fkanl\u0131k g\u00f6revini yapan Mevcut ba\u015fkan Erkan \u00d6z\u015fen\u2019in aday olmad\u0131\u011f\u0131 se\u00e7imde Mehmet \u00d6devli ve Atilla Be\u011fendik ba\u015fkanl\u0131k i\u00e7in yar\u0131\u015ft\u0131. Yap\u0131lan se\u00e7im sonunda oylar\u0131n 88\u2019ini alan Mehmet \u00d6devli, derne\u011fin yeni ba\u015fkan\u0131 se\u00e7ilirken, di\u011fer aday Atilla Be\u011fendik ise 28 oy ald\u0131.<br \/><\/p>\n","protected":false},"excerpt":{"rendered":"<p>Manisa Kuyumcular ve Sarraflar Derne\u011fi\u2019nde mevcut Ba\u015fkan Erkan \u00d6z\u015fen\u2019in yeniden aday olmad\u0131\u011f\u0131 ola\u011fan\u00fcst\u00fc genel kurulda kuyumcular yeni ba\u015fkanlar\u0131n\u0131 se\u00e7ti. Oylar\u0131n 88\u2019ini alan Mehmet \u00d6devli ba\u015fkan se\u00e7ilirken, di\u011fer aday Atilla Be\u011fendik ise 28 oy ald\u0131. Manisa Kuyumcular ve Sarraflar Derne\u011finin ola\u011fan\u00fcst\u00fc genel kurulunda yeni ba\u015fkan belli oldu. Dernekte iki d\u00f6nemdir ba\u015fkanl\u0131k g\u00f6revini yapan Mevcut ba\u015fkan Erkan&#8230;<\/p>\n","protected":false},"author":1,"featured_media":51589,"comment_status":"open","ping_status":"open","sticky":false,"template":"","format":"standard","meta":{"_crdt_document":"","footnotes":""},"categories":[125],"tags":[],"class_list":["post-51588","post","type-post","status-publish","format-standard","has-post-thumbnail","hentry","category-ekonomi"],"_links":{"self":[{"href":"https:\/\/www.egemtv.com\/index.php?rest_route=\/wp\/v2\/posts\/51588","targetHints":{"allow":["GET"]}}],"collection":[{"href":"https:\/\/www.egemtv.com\/index.php?rest_route=\/wp\/v2\/posts"}],"about":[{"href":"https:\/\/www.egemtv.com\/index.php?rest_route=\/wp\/v2\/types\/post"}],"author":[{"embeddable":true,"href":"https:\/\/www.egemtv.com\/index.php?rest_route=\/wp\/v2\/users\/1"}],"replies":[{"embeddable":true,"href":"https:\/\/www.egemtv.com\/index.php?rest_route=%2Fwp%2Fv2%2Fcomments&post=51588"}],"version-history":[{"count":1,"href":"https:\/\/www.egemtv.com\/index.php?rest_route=\/wp\/v2\/posts\/51588\/revisions"}],"predecessor-version":[{"id":51590,"href":"https:\/\/www.egemtv.com\/index.php?rest_route=\/wp\/v2\/posts\/51588\/revisions\/51590"}],"wp:featuredmedia":[{"embeddable":true,"href":"https:\/\/www.egemtv.com\/index.php?rest_route=\/wp\/v2\/media\/51589"}],"wp:attachment":[{"href":"https:\/\/www.egemtv.com\/index.php?rest_route=%2Fwp%2Fv2%2Fmedia&parent=51588"}],"wp:term":[{"taxonomy":"category","embeddable":true,"href":"https:\/\/www.egemtv.com\/index.php?rest_route=%2Fwp%2Fv2%2Fcategories&post=51588"},{"taxonomy":"post_tag","embeddable":true,"href":"https:\/\/www.egemtv.com\/index.php?rest_route=%2Fwp%2Fv2%2Ftags&post=51588"}],"curies":[{"name":"wp","href":"https:\/\/api.w.org\/{rel}","templated":true}]}}