{"id":51585,"date":"2025-08-27T15:36:36","date_gmt":"2025-08-27T12:36:36","guid":{"rendered":"https:\/\/www.egemtv.com\/?p=51585"},"modified":"2025-08-27T15:36:36","modified_gmt":"2025-08-27T12:36:36","slug":"kurtulusta-2-etap-calismalari-basladi","status":"publish","type":"post","link":"https:\/\/www.egemtv.com\/?p=51585","title":{"rendered":"Kurtulu\u015f\u2019ta 2. etap \u00e7al\u0131\u015fmalar\u0131 ba\u015flad\u0131"},"content":{"rendered":"<p>Nazilli Belediyesi, il\u00e7e genelinde s\u00fcrd\u00fcrd\u00fc\u011f\u00fc yol yenileme \u00e7al\u0131\u015fmalar\u0131 kapsam\u0131nda Kurtulu\u015f Mahallesi\u2019nde ikinci etap \u00e7al\u0131\u015fmalar\u0131na ba\u015flad\u0131.<br \/>\n<br \/>Hastane ve pazar yeri g\u00fczergah\u0131nda bulunmas\u0131 sebebiyle her g\u00fcn binlerce vatanda\u015f\u0131n kulland\u0131\u011f\u0131 yolun daha g\u00fcvenli ve konforlu hale getirilmesi i\u00e7in \u00e7al\u0131\u015fan ekipler ilk etapta parke ta\u015f\u0131 d\u00f6\u015feme i\u015flemleri tamamlad\u0131. Vatanda\u015flar\u0131n g\u00fcnl\u00fck ya\u015fam\u0131n\u0131 kolayla\u015ft\u0131rmak ve yaya ve ara\u00e7 trafi\u011fini rahatlatmak i\u00e7in yolun k\u0131sa s\u00fcrede tamamlanaca\u011f\u0131n\u0131 dile getiren Nazilli Belediye Ba\u015fkan\u0131 Dr. Ertu\u011frul Tetik; &#8220;Hem\u015fehrilerimize g\u00fcvenli ve rahat ula\u015f\u0131m sa\u011flayabilmek i\u00e7in yol yenileme \u00e7al\u0131\u015fmalar\u0131m\u0131za ara vermeden devam ediyoruz. Kurtulu\u015f Mahallemizdeki bu \u00f6nemli g\u00fczergah\u0131 en k\u0131sa zamanda hizmete a\u00e7aca\u011f\u0131z&#8221; s\u00f6zlerini kaydetti.<br \/><\/p>\n","protected":false},"excerpt":{"rendered":"<p>Nazilli Belediyesi, il\u00e7e genelinde s\u00fcrd\u00fcrd\u00fc\u011f\u00fc yol yenileme \u00e7al\u0131\u015fmalar\u0131 kapsam\u0131nda Kurtulu\u015f Mahallesi\u2019nde ikinci etap \u00e7al\u0131\u015fmalar\u0131na ba\u015flad\u0131. Hastane ve pazar yeri g\u00fczergah\u0131nda bulunmas\u0131 sebebiyle her g\u00fcn binlerce vatanda\u015f\u0131n kulland\u0131\u011f\u0131 yolun daha g\u00fcvenli ve konforlu hale getirilmesi i\u00e7in \u00e7al\u0131\u015fan ekipler ilk etapta parke ta\u015f\u0131 d\u00f6\u015feme i\u015flemleri tamamlad\u0131. Vatanda\u015flar\u0131n g\u00fcnl\u00fck ya\u015fam\u0131n\u0131 kolayla\u015ft\u0131rmak ve yaya ve ara\u00e7 trafi\u011fini rahatlatmak i\u00e7in&#8230;<\/p>\n","protected":false},"author":1,"featured_media":51586,"comment_status":"open","ping_status":"open","sticky":false,"template":"","format":"standard","meta":{"_crdt_document":"","footnotes":""},"categories":[1],"tags":[],"class_list":["post-51585","post","type-post","status-publish","format-standard","has-post-thumbnail","hentry","category-guncel"],"_links":{"self":[{"href":"https:\/\/www.egemtv.com\/index.php?rest_route=\/wp\/v2\/posts\/51585","targetHints":{"allow":["GET"]}}],"collection":[{"href":"https:\/\/www.egemtv.com\/index.php?rest_route=\/wp\/v2\/posts"}],"about":[{"href":"https:\/\/www.egemtv.com\/index.php?rest_route=\/wp\/v2\/types\/post"}],"author":[{"embeddable":true,"href":"https:\/\/www.egemtv.com\/index.php?rest_route=\/wp\/v2\/users\/1"}],"replies":[{"embeddable":true,"href":"https:\/\/www.egemtv.com\/index.php?rest_route=%2Fwp%2Fv2%2Fcomments&post=51585"}],"version-history":[{"count":1,"href":"https:\/\/www.egemtv.com\/index.php?rest_route=\/wp\/v2\/posts\/51585\/revisions"}],"predecessor-version":[{"id":51587,"href":"https:\/\/www.egemtv.com\/index.php?rest_route=\/wp\/v2\/posts\/51585\/revisions\/51587"}],"wp:featuredmedia":[{"embeddable":true,"href":"https:\/\/www.egemtv.com\/index.php?rest_route=\/wp\/v2\/media\/51586"}],"wp:attachment":[{"href":"https:\/\/www.egemtv.com\/index.php?rest_route=%2Fwp%2Fv2%2Fmedia&parent=51585"}],"wp:term":[{"taxonomy":"category","embeddable":true,"href":"https:\/\/www.egemtv.com\/index.php?rest_route=%2Fwp%2Fv2%2Fcategories&post=51585"},{"taxonomy":"post_tag","embeddable":true,"href":"https:\/\/www.egemtv.com\/index.php?rest_route=%2Fwp%2Fv2%2Ftags&post=51585"}],"curies":[{"name":"wp","href":"https:\/\/api.w.org\/{rel}","templated":true}]}}