{"id":51582,"date":"2025-08-27T15:36:35","date_gmt":"2025-08-27T12:36:35","guid":{"rendered":"https:\/\/www.egemtv.com\/?p=51582"},"modified":"2025-08-27T15:36:35","modified_gmt":"2025-08-27T12:36:35","slug":"aydinda-500-kisi-yuzme-sertifikasini-aldi","status":"publish","type":"post","link":"https:\/\/www.egemtv.com\/?p=51582","title":{"rendered":"Ayd\u0131n\u2019da 500 ki\u015fi y\u00fczme sertifikas\u0131n\u0131 ald\u0131"},"content":{"rendered":"<p>Ayd\u0131n\u2019da \u2018Y\u00fczme bilmeyen kalmas\u0131n\u2019 projesi kapsam\u0131nda y\u00fczme e\u011fitimlerine kat\u0131lan 500 ki\u015fiye y\u00fczme sertifikalar\u0131 t\u00f6renle verildi.<br \/>\n<br \/>Gen\u00e7lik ve Spor Bakanl\u0131\u011f\u0131\u2019n\u0131n ba\u015flatt\u0131\u011f\u0131 &#8220;Y\u00fczme Bilmeyen Kalmas\u0131n&#8221; projesi kapsam\u0131nda Ayd\u0131n\u2019da yaz d\u00f6nemi e\u011fitimleri ba\u015far\u0131yla tamamland\u0131. \u0130ki ay s\u00fcren program boyunca farkl\u0131 noktalarda y\u00fczme bilmeyen vatanda\u015flara temel y\u00fczme e\u011fitimi verildi. Proje sonunda, Adnan Menderes \u00dcniversitesi (AD\u00dc) ve P\u0131narba\u015f\u0131 Y\u00fczme Havuzu\u2019nda d\u00fczenlenen t\u00f6renlerle 500 kat\u0131l\u0131mc\u0131 e\u011fitimlerini ba\u015far\u0131yla tamamlayarak kat\u0131l\u0131m belgesi almaya hak kazand\u0131. Proje, her ya\u015f grubundan bireylerin su sporlar\u0131yla tan\u0131\u015fmas\u0131na ve g\u00fcvenli bir \u015fekilde y\u00fczme \u00f6\u011frenmesine katk\u0131 sa\u011flad\u0131.<br \/>\n<br \/>Ayd\u0131n Gen\u00e7lik ve Spor \u0130l M\u00fcd\u00fcrl\u00fc\u011f\u00fc ise yapt\u0131\u011f\u0131 a\u00e7\u0131klama ile y\u00fczme e\u011fitimlerinin y\u0131l boyunca farkl\u0131 d\u00f6nemlerde devam edece\u011fini belirterek, sporu ve sa\u011fl\u0131kl\u0131 ya\u015fam\u0131 te\u015fvik eden projelere destek vermeyi s\u00fcrd\u00fcrece\u011fini a\u00e7\u0131klad\u0131.<br \/><\/p>\n","protected":false},"excerpt":{"rendered":"<p>Ayd\u0131n\u2019da \u2018Y\u00fczme bilmeyen kalmas\u0131n\u2019 projesi kapsam\u0131nda y\u00fczme e\u011fitimlerine kat\u0131lan 500 ki\u015fiye y\u00fczme sertifikalar\u0131 t\u00f6renle verildi. Gen\u00e7lik ve Spor Bakanl\u0131\u011f\u0131\u2019n\u0131n ba\u015flatt\u0131\u011f\u0131 &#8220;Y\u00fczme Bilmeyen Kalmas\u0131n&#8221; projesi kapsam\u0131nda Ayd\u0131n\u2019da yaz d\u00f6nemi e\u011fitimleri ba\u015far\u0131yla tamamland\u0131. \u0130ki ay s\u00fcren program boyunca farkl\u0131 noktalarda y\u00fczme bilmeyen vatanda\u015flara temel y\u00fczme e\u011fitimi verildi. Proje sonunda, Adnan Menderes \u00dcniversitesi (AD\u00dc) ve P\u0131narba\u015f\u0131 Y\u00fczme Havuzu\u2019nda&#8230;<\/p>\n","protected":false},"author":1,"featured_media":51583,"comment_status":"open","ping_status":"open","sticky":false,"template":"","format":"standard","meta":{"_crdt_document":"","footnotes":""},"categories":[4],"tags":[],"class_list":["post-51582","post","type-post","status-publish","format-standard","has-post-thumbnail","hentry","category-spor"],"_links":{"self":[{"href":"https:\/\/www.egemtv.com\/index.php?rest_route=\/wp\/v2\/posts\/51582","targetHints":{"allow":["GET"]}}],"collection":[{"href":"https:\/\/www.egemtv.com\/index.php?rest_route=\/wp\/v2\/posts"}],"about":[{"href":"https:\/\/www.egemtv.com\/index.php?rest_route=\/wp\/v2\/types\/post"}],"author":[{"embeddable":true,"href":"https:\/\/www.egemtv.com\/index.php?rest_route=\/wp\/v2\/users\/1"}],"replies":[{"embeddable":true,"href":"https:\/\/www.egemtv.com\/index.php?rest_route=%2Fwp%2Fv2%2Fcomments&post=51582"}],"version-history":[{"count":1,"href":"https:\/\/www.egemtv.com\/index.php?rest_route=\/wp\/v2\/posts\/51582\/revisions"}],"predecessor-version":[{"id":51584,"href":"https:\/\/www.egemtv.com\/index.php?rest_route=\/wp\/v2\/posts\/51582\/revisions\/51584"}],"wp:featuredmedia":[{"embeddable":true,"href":"https:\/\/www.egemtv.com\/index.php?rest_route=\/wp\/v2\/media\/51583"}],"wp:attachment":[{"href":"https:\/\/www.egemtv.com\/index.php?rest_route=%2Fwp%2Fv2%2Fmedia&parent=51582"}],"wp:term":[{"taxonomy":"category","embeddable":true,"href":"https:\/\/www.egemtv.com\/index.php?rest_route=%2Fwp%2Fv2%2Fcategories&post=51582"},{"taxonomy":"post_tag","embeddable":true,"href":"https:\/\/www.egemtv.com\/index.php?rest_route=%2Fwp%2Fv2%2Ftags&post=51582"}],"curies":[{"name":"wp","href":"https:\/\/api.w.org\/{rel}","templated":true}]}}