{"id":51579,"date":"2025-08-27T15:36:34","date_gmt":"2025-08-27T12:36:34","guid":{"rendered":"https:\/\/www.egemtv.com\/?p=51579"},"modified":"2025-08-27T15:36:35","modified_gmt":"2025-08-27T12:36:35","slug":"karsiyaka-belediyesinde-sular-durulmuyor-isciler-de-memurlar-da-grevde","status":"publish","type":"post","link":"https:\/\/www.egemtv.com\/?p=51579","title":{"rendered":"Kar\u015f\u0131yaka Belediyesi\u2019nde sular durulmuyor: \u0130\u015f\u00e7iler de memurlar da grevde"},"content":{"rendered":"<p>Kar\u015f\u0131yaka Belediyesi\u2019nde i\u015f\u00e7iler ve memurlar, maa\u015f ve \u00f6denmemi\u015f haklar\u0131n\u0131 talep etmek i\u00e7in belediye \u00f6n\u00fcnde eylemlerini s\u00fcrd\u00fcr\u00fcyor. \u0130\u015f\u00e7iler ve memurlar, \u00f6demeler yap\u0131lana kadar eylemlerini s\u00fcrd\u00fcreceklerini a\u00e7\u0131klad\u0131.<br \/>\n<br \/>CHP\u2019li Kar\u015f\u0131yaka Belediyesi\u2019nde g\u00f6rev yapan baz\u0131 i\u015f\u00e7iler ve memurlar, maa\u015f ve \u00f6denmemi\u015f haklar\u0131 nedeniyle belediye \u00f6n\u00fcnde ba\u015flatt\u0131klar\u0131 eylemleri s\u00fcrd\u00fcr\u00fcyor. Kent A.\u015e. ve Personel A.\u015e.\u2019de \u00e7al\u0131\u015fan i\u015f\u00e7iler, alacaklar\u0131n\u0131 alamad\u0131klar\u0131 i\u00e7in 25 g\u00fcnd\u00fcr i\u015f b\u0131rak\u0131rken, memurlar da son 15 g\u00fcnd\u00fcr sosyal denge tazminat\u0131 (SDT) \u00f6demelerinin yap\u0131lmamas\u0131 gerek\u00e7esiyle her g\u00fcn sabah saatlerinde belediye \u00f6n\u00fcnde toplan\u0131yor.<br \/>\n<br \/>Disk Genel-\u0130\u015f 10 No\u2019lu \u015eube yetkilileri, i\u015f\u00e7ilerin uzun s\u00fcredir maa\u015flar\u0131n\u0131 tam olarak alamad\u0131\u011f\u0131n\u0131 ve taksitler halinde \u00f6demelerin yap\u0131ld\u0131\u011f\u0131n\u0131 belirtti. A\u00e7\u0131klamada, &#8220;Mart ay\u0131n\u0131n bir k\u0131sm\u0131 ile nisan, may\u0131s, haziran ve temmuz maa\u015flar\u0131 \u00f6denmedi. 1,5 y\u0131l \u00f6nce \u00f6denmesi gereken toplu i\u015f s\u00f6zle\u015fmesi farklar\u0131 h\u00e2l\u00e2 yat\u0131r\u0131lmad\u0131. Personel A.\u015e. \u00e7al\u0131\u015fanlar\u0131n\u0131n maa\u015flar\u0131n\u0131n sadece y\u00fczde 36\u2019s\u0131 \u00f6dendi. \u0130\u015f\u00e7iler bor\u00e7lar\u0131n\u0131 kar\u015f\u0131layamaz duruma geldi ve psikolojik olarak zorlan\u0131yor. Belediye ba\u015fkan\u0131 g\u00f6reve geldi\u011finde 6 ay i\u00e7inde sorunlar\u0131n \u00e7\u00f6z\u00fclece\u011fi s\u00f6z\u00fc verilmi\u015fti, ancak verilen taahh\u00fctler yerine getirilmedi&#8221; ifadelerine yer verildi.<br \/>\n<br \/>Eyleme kat\u0131lan i\u015f\u00e7iler ve memurlar, haklar\u0131 \u00f6denene kadar belediye \u00f6n\u00fcndeki protestolar\u0131n\u0131 s\u00fcrd\u00fcrme kararl\u0131l\u0131\u011f\u0131nda olduklar\u0131n\u0131 dile getirdi.<br \/><\/p>\n","protected":false},"excerpt":{"rendered":"<p>Kar\u015f\u0131yaka Belediyesi\u2019nde i\u015f\u00e7iler ve memurlar, maa\u015f ve \u00f6denmemi\u015f haklar\u0131n\u0131 talep etmek i\u00e7in belediye \u00f6n\u00fcnde eylemlerini s\u00fcrd\u00fcr\u00fcyor. \u0130\u015f\u00e7iler ve memurlar, \u00f6demeler yap\u0131lana kadar eylemlerini s\u00fcrd\u00fcreceklerini a\u00e7\u0131klad\u0131. CHP\u2019li Kar\u015f\u0131yaka Belediyesi\u2019nde g\u00f6rev yapan baz\u0131 i\u015f\u00e7iler ve memurlar, maa\u015f ve \u00f6denmemi\u015f haklar\u0131 nedeniyle belediye \u00f6n\u00fcnde ba\u015flatt\u0131klar\u0131 eylemleri s\u00fcrd\u00fcr\u00fcyor. Kent A.\u015e. ve Personel A.\u015e.\u2019de \u00e7al\u0131\u015fan i\u015f\u00e7iler, alacaklar\u0131n\u0131 alamad\u0131klar\u0131 i\u00e7in 25&#8230;<\/p>\n","protected":false},"author":1,"featured_media":51580,"comment_status":"open","ping_status":"open","sticky":false,"template":"","format":"standard","meta":{"_crdt_document":"","footnotes":""},"categories":[1],"tags":[],"class_list":["post-51579","post","type-post","status-publish","format-standard","has-post-thumbnail","hentry","category-guncel"],"_links":{"self":[{"href":"https:\/\/www.egemtv.com\/index.php?rest_route=\/wp\/v2\/posts\/51579","targetHints":{"allow":["GET"]}}],"collection":[{"href":"https:\/\/www.egemtv.com\/index.php?rest_route=\/wp\/v2\/posts"}],"about":[{"href":"https:\/\/www.egemtv.com\/index.php?rest_route=\/wp\/v2\/types\/post"}],"author":[{"embeddable":true,"href":"https:\/\/www.egemtv.com\/index.php?rest_route=\/wp\/v2\/users\/1"}],"replies":[{"embeddable":true,"href":"https:\/\/www.egemtv.com\/index.php?rest_route=%2Fwp%2Fv2%2Fcomments&post=51579"}],"version-history":[{"count":1,"href":"https:\/\/www.egemtv.com\/index.php?rest_route=\/wp\/v2\/posts\/51579\/revisions"}],"predecessor-version":[{"id":51581,"href":"https:\/\/www.egemtv.com\/index.php?rest_route=\/wp\/v2\/posts\/51579\/revisions\/51581"}],"wp:featuredmedia":[{"embeddable":true,"href":"https:\/\/www.egemtv.com\/index.php?rest_route=\/wp\/v2\/media\/51580"}],"wp:attachment":[{"href":"https:\/\/www.egemtv.com\/index.php?rest_route=%2Fwp%2Fv2%2Fmedia&parent=51579"}],"wp:term":[{"taxonomy":"category","embeddable":true,"href":"https:\/\/www.egemtv.com\/index.php?rest_route=%2Fwp%2Fv2%2Fcategories&post=51579"},{"taxonomy":"post_tag","embeddable":true,"href":"https:\/\/www.egemtv.com\/index.php?rest_route=%2Fwp%2Fv2%2Ftags&post=51579"}],"curies":[{"name":"wp","href":"https:\/\/api.w.org\/{rel}","templated":true}]}}