{"id":51576,"date":"2025-08-27T15:14:56","date_gmt":"2025-08-27T12:14:56","guid":{"rendered":"https:\/\/www.egemtv.com\/?p=51576"},"modified":"2025-08-27T15:14:57","modified_gmt":"2025-08-27T12:14:57","slug":"domates-kurutma-alanlarinda-gorsel-solen","status":"publish","type":"post","link":"https:\/\/www.egemtv.com\/?p=51576","title":{"rendered":"Domates kurutma alanlar\u0131nda g\u00f6rsel \u015f\u00f6len"},"content":{"rendered":"<p>Manisa\u2019n\u0131n Saruhanl\u0131 il\u00e7esine ba\u011fl\u0131 Hac\u0131rahmanl\u0131 Mahallesi\u2019nde yaz aylar\u0131n\u0131n vazge\u00e7ilmez ge\u00e7im kaynaklar\u0131ndan biri olan kurutmal\u0131k domates mesaisi h\u0131z kesmeden devam ediyor. Tarlalardan toplanan domatesler geni\u015f alanlara serilerek g\u00fcne\u015f alt\u0131nda kurutulurken, k\u0131rm\u0131z\u0131ya b\u00fcr\u00fcnen ova g\u00f6rsel \u015f\u00f6len olu\u015fturuyor.<br \/>\n<br \/>B\u00f6lgede \u00fcreticiler, domateslerin bozulmas\u0131n\u0131 \u00f6nlemek ve kuruma s\u00fcresini k\u0131saltmak i\u00e7in \u00fcr\u00fcnlerin \u00fczerine tuz serperken, kurutulan domatesler hem i\u00e7 pazarda hem de ba\u015fta Avrupa olmak \u00fczere 34 \u00fclkeye ihra\u00e7 ediliyor. \u00d6zellikle \u0130talya, Almanya, Fransa ve Amerika\u2019n\u0131n en \u00e7ok talep g\u00f6sterdi\u011fi kurutulmu\u015f domatesler, pizza ve sos yap\u0131m\u0131nda tercih edilen katma de\u011ferli bir \u00fcr\u00fcn olarak \u00f6ne \u00e7\u0131k\u0131yor. Kurutmal\u0131k domates \u00fcretimi her ge\u00e7en y\u0131l artarak devam etti\u011fi \u00f6\u011frenildi.<\/p>\n<p>Kilogram fiyat\u0131 110-120 TL<br \/>\n<br \/>\u00c7ift\u00e7iler, 2025 sezonunda fiyatlar\u0131n kilogram ba\u015f\u0131na 110 ila 120 TL aras\u0131nda de\u011fi\u015fti\u011fini belirterek, kurutmal\u0131k domatesin taze \u00fcr\u00fcne g\u00f6re daha kazan\u00e7l\u0131 oldu\u011funu ifade etti.<\/p>\n<p>&#8220;Hava \u015fartlar\u0131 iyi, rekolte y\u00fcksek&#8221;<br \/>\n<br \/>\u00dcreticiler, bu y\u0131l hava \u015fartlar\u0131n\u0131n uygun gitmesiyle hem \u00fcr\u00fcn kalitesinin hem de rekoltenin y\u00fcksek oldu\u011funu dile getirdi. \u00c7ift\u00e7iler, devlet deste\u011finin art\u0131r\u0131lmas\u0131 ve ihracat pazarlar\u0131n\u0131n geni\u015fletilmesi \u00e7a\u011fr\u0131s\u0131nda bulunurken, kurutma i\u015flemi i\u00e7in y\u00fcksek s\u0131cakl\u0131k ve d\u00fc\u015f\u00fck nemin verim a\u00e7\u0131s\u0131ndan avantaj sa\u011flad\u0131\u011f\u0131n\u0131 da ifade etti.<br \/><\/p>\n","protected":false},"excerpt":{"rendered":"<p>Manisa\u2019n\u0131n Saruhanl\u0131 il\u00e7esine ba\u011fl\u0131 Hac\u0131rahmanl\u0131 Mahallesi\u2019nde yaz aylar\u0131n\u0131n vazge\u00e7ilmez ge\u00e7im kaynaklar\u0131ndan biri olan kurutmal\u0131k domates mesaisi h\u0131z kesmeden devam ediyor. Tarlalardan toplanan domatesler geni\u015f alanlara serilerek g\u00fcne\u015f alt\u0131nda kurutulurken, k\u0131rm\u0131z\u0131ya b\u00fcr\u00fcnen ova g\u00f6rsel \u015f\u00f6len olu\u015fturuyor. B\u00f6lgede \u00fcreticiler, domateslerin bozulmas\u0131n\u0131 \u00f6nlemek ve kuruma s\u00fcresini k\u0131saltmak i\u00e7in \u00fcr\u00fcnlerin \u00fczerine tuz serperken, kurutulan domatesler hem i\u00e7 pazarda hem&#8230;<\/p>\n","protected":false},"author":1,"featured_media":51577,"comment_status":"open","ping_status":"open","sticky":false,"template":"","format":"standard","meta":{"_crdt_document":"","footnotes":""},"categories":[125],"tags":[],"class_list":["post-51576","post","type-post","status-publish","format-standard","has-post-thumbnail","hentry","category-ekonomi"],"_links":{"self":[{"href":"https:\/\/www.egemtv.com\/index.php?rest_route=\/wp\/v2\/posts\/51576","targetHints":{"allow":["GET"]}}],"collection":[{"href":"https:\/\/www.egemtv.com\/index.php?rest_route=\/wp\/v2\/posts"}],"about":[{"href":"https:\/\/www.egemtv.com\/index.php?rest_route=\/wp\/v2\/types\/post"}],"author":[{"embeddable":true,"href":"https:\/\/www.egemtv.com\/index.php?rest_route=\/wp\/v2\/users\/1"}],"replies":[{"embeddable":true,"href":"https:\/\/www.egemtv.com\/index.php?rest_route=%2Fwp%2Fv2%2Fcomments&post=51576"}],"version-history":[{"count":1,"href":"https:\/\/www.egemtv.com\/index.php?rest_route=\/wp\/v2\/posts\/51576\/revisions"}],"predecessor-version":[{"id":51578,"href":"https:\/\/www.egemtv.com\/index.php?rest_route=\/wp\/v2\/posts\/51576\/revisions\/51578"}],"wp:featuredmedia":[{"embeddable":true,"href":"https:\/\/www.egemtv.com\/index.php?rest_route=\/wp\/v2\/media\/51577"}],"wp:attachment":[{"href":"https:\/\/www.egemtv.com\/index.php?rest_route=%2Fwp%2Fv2%2Fmedia&parent=51576"}],"wp:term":[{"taxonomy":"category","embeddable":true,"href":"https:\/\/www.egemtv.com\/index.php?rest_route=%2Fwp%2Fv2%2Fcategories&post=51576"},{"taxonomy":"post_tag","embeddable":true,"href":"https:\/\/www.egemtv.com\/index.php?rest_route=%2Fwp%2Fv2%2Ftags&post=51576"}],"curies":[{"name":"wp","href":"https:\/\/api.w.org\/{rel}","templated":true}]}}