{"id":51573,"date":"2025-08-27T14:55:36","date_gmt":"2025-08-27T11:55:36","guid":{"rendered":"https:\/\/www.egemtv.com\/?p=51573"},"modified":"2025-08-27T14:55:37","modified_gmt":"2025-08-27T11:55:37","slug":"okul-idareci-ve-calisanlarindan-ornek-davranis","status":"publish","type":"post","link":"https:\/\/www.egemtv.com\/?p=51573","title":{"rendered":"Okul idareci ve \u00e7al\u0131\u015fanlar\u0131ndan \u00f6rnek davran\u0131\u015f"},"content":{"rendered":"<p>Afyonkarahisar\u2019\u0131n \u015euhut il\u00e7esinde 2025-2026 e\u011fitim \u00f6\u011fretim y\u0131l\u0131n\u0131n ba\u015flamas\u0131na say\u0131l\u0131 g\u00fcnler kala Atat\u00fcrk Ortaokul idareci ve petsonellleri, \u00f6\u011frencilerin daha rahat ve ferah bir ortamda e\u011fitim g\u00f6rmeleri i\u00e7in kollar\u0131 s\u0131vad\u0131.<br \/>\n<br \/>Okul idareci ve personelleri, okul bah\u00e7esindeki parke ta\u015f\u0131 d\u00f6\u015feme i\u015fini kendileri \u00fcstlenerek k\u0131sa s\u00fcrede b\u00fcy\u00fck bir a\u015fama kaydetti. \u00c7al\u0131\u015fmalar\u0131n en k\u0131sa zamanda tamamlanmas\u0131 hedefleniyor.<br \/>\n<br \/>Veliler ve vatanda\u015flar, idareci ve personellerin \u00f6zverili \u00e7al\u0131\u015fmas\u0131na tam not vererek eme\u011fi ge\u00e7en herkese te\u015fekk\u00fcr etti.<br \/><\/p>\n","protected":false},"excerpt":{"rendered":"<p>Afyonkarahisar\u2019\u0131n \u015euhut il\u00e7esinde 2025-2026 e\u011fitim \u00f6\u011fretim y\u0131l\u0131n\u0131n ba\u015flamas\u0131na say\u0131l\u0131 g\u00fcnler kala Atat\u00fcrk Ortaokul idareci ve petsonellleri, \u00f6\u011frencilerin daha rahat ve ferah bir ortamda e\u011fitim g\u00f6rmeleri i\u00e7in kollar\u0131 s\u0131vad\u0131. Okul idareci ve personelleri, okul bah\u00e7esindeki parke ta\u015f\u0131 d\u00f6\u015feme i\u015fini kendileri \u00fcstlenerek k\u0131sa s\u00fcrede b\u00fcy\u00fck bir a\u015fama kaydetti. \u00c7al\u0131\u015fmalar\u0131n en k\u0131sa zamanda tamamlanmas\u0131 hedefleniyor. Veliler ve vatanda\u015flar,&#8230;<\/p>\n","protected":false},"author":1,"featured_media":51574,"comment_status":"open","ping_status":"open","sticky":false,"template":"","format":"standard","meta":{"_crdt_document":"","footnotes":""},"categories":[5],"tags":[],"class_list":["post-51573","post","type-post","status-publish","format-standard","has-post-thumbnail","hentry","category-asayis"],"_links":{"self":[{"href":"https:\/\/www.egemtv.com\/index.php?rest_route=\/wp\/v2\/posts\/51573","targetHints":{"allow":["GET"]}}],"collection":[{"href":"https:\/\/www.egemtv.com\/index.php?rest_route=\/wp\/v2\/posts"}],"about":[{"href":"https:\/\/www.egemtv.com\/index.php?rest_route=\/wp\/v2\/types\/post"}],"author":[{"embeddable":true,"href":"https:\/\/www.egemtv.com\/index.php?rest_route=\/wp\/v2\/users\/1"}],"replies":[{"embeddable":true,"href":"https:\/\/www.egemtv.com\/index.php?rest_route=%2Fwp%2Fv2%2Fcomments&post=51573"}],"version-history":[{"count":1,"href":"https:\/\/www.egemtv.com\/index.php?rest_route=\/wp\/v2\/posts\/51573\/revisions"}],"predecessor-version":[{"id":51575,"href":"https:\/\/www.egemtv.com\/index.php?rest_route=\/wp\/v2\/posts\/51573\/revisions\/51575"}],"wp:featuredmedia":[{"embeddable":true,"href":"https:\/\/www.egemtv.com\/index.php?rest_route=\/wp\/v2\/media\/51574"}],"wp:attachment":[{"href":"https:\/\/www.egemtv.com\/index.php?rest_route=%2Fwp%2Fv2%2Fmedia&parent=51573"}],"wp:term":[{"taxonomy":"category","embeddable":true,"href":"https:\/\/www.egemtv.com\/index.php?rest_route=%2Fwp%2Fv2%2Fcategories&post=51573"},{"taxonomy":"post_tag","embeddable":true,"href":"https:\/\/www.egemtv.com\/index.php?rest_route=%2Fwp%2Fv2%2Ftags&post=51573"}],"curies":[{"name":"wp","href":"https:\/\/api.w.org\/{rel}","templated":true}]}}