{"id":51570,"date":"2025-08-27T14:55:35","date_gmt":"2025-08-27T11:55:35","guid":{"rendered":"https:\/\/www.egemtv.com\/?p=51570"},"modified":"2025-08-27T14:55:36","modified_gmt":"2025-08-27T11:55:36","slug":"cocuk-kultur-sanat-merkezlerinde-kis-donemi-kayitlari-basladi","status":"publish","type":"post","link":"https:\/\/www.egemtv.com\/?p=51570","title":{"rendered":"\u00c7ocuk k\u00fclt\u00fcr sanat merkezlerinde k\u0131\u015f d\u00f6nemi kay\u0131tlar\u0131 ba\u015flad\u0131"},"content":{"rendered":"<p>Turgutlu Belediyesinin okul \u00f6ncesi e\u011fitime verdi\u011fi destekle hayata ge\u00e7irdi\u011fi \u00c7ocuk K\u00fclt\u00fcr Sanat Merkezlerinde yeni d\u00f6nem heyecan\u0131 ba\u015flad\u0131. 2025-2026 e\u011fitim-\u00f6\u011fretim y\u0131l\u0131 i\u00e7in kay\u0131t s\u00fcreci a\u00e7\u0131ld\u0131, dersler ise 8 Eyl\u00fcl Pazartesi g\u00fcn\u00fc ba\u015flayacak.<br \/>\n<br \/>Turgutlu Belediyesinin Albayrak ve Mustafa Kemal Mahallelerinde hizmet veren ve \u00fccretsiz okul \u00f6ncesi e\u011fitim, \u00fc\u00e7 \u00f6\u011f\u00fcn beslenme deste\u011fi ve \u00e7ok y\u00f6nl\u00fc geli\u015fim imkanlar\u0131yla T\u00fcrkiye\u2019de \u00f6rnek projeler aras\u0131nda yer alan \u00c7ocuk K\u00fclt\u00fcr Sanat Merkezlerinde k\u0131\u015f d\u00f6nemi kay\u0131tlar\u0131 a\u00e7\u0131ld\u0131. 8 Eyl\u00fcl Pazartesi g\u00fcn\u00fc ders zilinin \u00e7almas\u0131yla birlikte minikler yeni d\u00f6neme merhaba diyecek. 3-5 ya\u015f aras\u0131 \u00e7ocuklar\u0131n e\u011fitim ald\u0131\u011f\u0131 merkezlerde, temel okul \u00f6ncesi derslerin yan\u0131 s\u0131ra spor, jimnastik, m\u00fczik, resim, el sanatlar\u0131 ve drama gibi alanlarda da e\u011fitimler veriliyor. Yar\u0131m g\u00fcn ve tam g\u00fcn e\u011fitim se\u00e7enekleriyle ailelerin ihtiya\u00e7lar\u0131na y\u00f6nelik \u00e7\u00f6z\u00fcmler sunuluyor.<br \/>\n<br \/>Kay\u0131t i\u015flemleri Turgutlu Belediyesi Hizmet Binas\u0131 zemin kat\u0131nda ger\u00e7ekle\u015ftiriliyor. Kay\u0131t yapt\u0131rmak isteyen vatanda\u015flar\u0131n anne, baba ve \u00e7ocuk n\u00fcfus fotokopileri, ikametgah belgesi, \u00e7ocuk sa\u011fl\u0131k raporu, anne ve baban\u0131n sosyal g\u00fcvenlik kay\u0131t sorgulama hizmeti belgesi ile birlikte ba\u015fvuru yapmalar\u0131 gerekiyor. Anne ya da babadan herhangi biri \u00e7al\u0131\u015f\u0131yorsa maa\u015f bordrosunun da evraklar aras\u0131nda bulunmas\u0131 talep ediliyor. Hafta i\u00e7i 09.00-12.30 ve 13.30-17.00 saatleri aras\u0131nda ba\u015fvurular yap\u0131labilirken, kay\u0131t yapt\u0131rmak isteyen vatanda\u015flar 0236 313 21 22 numaral\u0131 telefon hatt\u0131ndan bilgi alabilir.<br \/>\n<br \/>Konuya ili\u015fkin de\u011ferlendirmede bulunan Turgutlu Belediye Ba\u015fkan Yard\u0131mc\u0131s\u0131 H\u00fcseyin Maliz, &#8220;\u00c7ocuk K\u00fclt\u00fcr Sanat Merkezlerimizle \u00e7ocuklar\u0131m\u0131z\u0131n e\u011fitimine destek oluyor, onlar\u0131n g\u00fcvenli ve sa\u011fl\u0131kl\u0131 bir ortamda geli\u015fimlerini s\u00fcrd\u00fcrebilmeleri i\u00e7in \u00e7al\u0131\u015f\u0131yoruz. Merkezlerimiz, sosyal belediyecilik anlay\u0131\u015f\u0131m\u0131z\u0131n en \u00f6nemli \u00f6rneklerinden biri. \u00c7ocuklar\u0131m\u0131z\u0131n e\u011fitimine ve geli\u015fimine katk\u0131 sunmak i\u00e7in t\u00fcm haz\u0131rl\u0131klar\u0131m\u0131z\u0131 tamaml\u0131yoruz. Yeni e\u011fitim d\u00f6neminin \u00f6\u011fretmenlerimize ve \u00f6\u011frencilerimize hay\u0131rl\u0131 olmas\u0131n\u0131 diliyorum&#8221; dedi.<br \/><\/p>\n","protected":false},"excerpt":{"rendered":"<p>Turgutlu Belediyesinin okul \u00f6ncesi e\u011fitime verdi\u011fi destekle hayata ge\u00e7irdi\u011fi \u00c7ocuk K\u00fclt\u00fcr Sanat Merkezlerinde yeni d\u00f6nem heyecan\u0131 ba\u015flad\u0131. 2025-2026 e\u011fitim-\u00f6\u011fretim y\u0131l\u0131 i\u00e7in kay\u0131t s\u00fcreci a\u00e7\u0131ld\u0131, dersler ise 8 Eyl\u00fcl Pazartesi g\u00fcn\u00fc ba\u015flayacak. Turgutlu Belediyesinin Albayrak ve Mustafa Kemal Mahallelerinde hizmet veren ve \u00fccretsiz okul \u00f6ncesi e\u011fitim, \u00fc\u00e7 \u00f6\u011f\u00fcn beslenme deste\u011fi ve \u00e7ok y\u00f6nl\u00fc geli\u015fim imkanlar\u0131yla T\u00fcrkiye\u2019de&#8230;<\/p>\n","protected":false},"author":1,"featured_media":51571,"comment_status":"open","ping_status":"open","sticky":false,"template":"","format":"standard","meta":{"_crdt_document":"","footnotes":""},"categories":[1],"tags":[],"class_list":["post-51570","post","type-post","status-publish","format-standard","has-post-thumbnail","hentry","category-guncel"],"_links":{"self":[{"href":"https:\/\/www.egemtv.com\/index.php?rest_route=\/wp\/v2\/posts\/51570","targetHints":{"allow":["GET"]}}],"collection":[{"href":"https:\/\/www.egemtv.com\/index.php?rest_route=\/wp\/v2\/posts"}],"about":[{"href":"https:\/\/www.egemtv.com\/index.php?rest_route=\/wp\/v2\/types\/post"}],"author":[{"embeddable":true,"href":"https:\/\/www.egemtv.com\/index.php?rest_route=\/wp\/v2\/users\/1"}],"replies":[{"embeddable":true,"href":"https:\/\/www.egemtv.com\/index.php?rest_route=%2Fwp%2Fv2%2Fcomments&post=51570"}],"version-history":[{"count":1,"href":"https:\/\/www.egemtv.com\/index.php?rest_route=\/wp\/v2\/posts\/51570\/revisions"}],"predecessor-version":[{"id":51572,"href":"https:\/\/www.egemtv.com\/index.php?rest_route=\/wp\/v2\/posts\/51570\/revisions\/51572"}],"wp:featuredmedia":[{"embeddable":true,"href":"https:\/\/www.egemtv.com\/index.php?rest_route=\/wp\/v2\/media\/51571"}],"wp:attachment":[{"href":"https:\/\/www.egemtv.com\/index.php?rest_route=%2Fwp%2Fv2%2Fmedia&parent=51570"}],"wp:term":[{"taxonomy":"category","embeddable":true,"href":"https:\/\/www.egemtv.com\/index.php?rest_route=%2Fwp%2Fv2%2Fcategories&post=51570"},{"taxonomy":"post_tag","embeddable":true,"href":"https:\/\/www.egemtv.com\/index.php?rest_route=%2Fwp%2Fv2%2Ftags&post=51570"}],"curies":[{"name":"wp","href":"https:\/\/api.w.org\/{rel}","templated":true}]}}