{"id":51567,"date":"2025-08-27T14:55:34","date_gmt":"2025-08-27T11:55:34","guid":{"rendered":"https:\/\/www.egemtv.com\/?p=51567"},"modified":"2025-08-27T14:55:35","modified_gmt":"2025-08-27T11:55:35","slug":"bodrumda-2-uluslararasi-motofest-basliyor","status":"publish","type":"post","link":"https:\/\/www.egemtv.com\/?p=51567","title":{"rendered":"Bodrum\u2019da 2. Uluslararas\u0131 Motofest ba\u015fl\u0131yor"},"content":{"rendered":"<p>Bodrum, bu y\u0131l ikinci kez uluslararas\u0131 \u00e7apta bir motosiklet \u015f\u00f6lenine ev sahipli\u011fi yapacak. 2. Uluslararas\u0131 Motofest, 12-13-14 Eyl\u00fcl tarihlerinde G\u00fcmbet Dolgu Alan\u0131\u2019nda ger\u00e7ekle\u015ftirilecek. 3 g\u00fcn s\u00fcrecek festivalde binlerce motosiklet tutkunu, konserler, g\u00f6steriler ve \u00e7e\u015fitli etkinliklerle bulu\u015facak.<br \/>\n<br \/>2. Uluslararas\u0131 Motofest, belirlenecek g\u00fczergahta d\u00fczenlenecek motosiklet korteji ile ba\u015flayacak. Y\u00fczlerce farkl\u0131 marka ve modeldeki motosiklet Bodrum sokaklar\u0131nda renkli g\u00f6r\u00fcnt\u00fcler olu\u015fturacak. Festival alan\u0131nda en dikkat \u00e7ekici motosikletler sergilenecek. Jandarma ve polis ekiplerinin kat\u0131l\u0131m\u0131yla \u00f6zellikle gen\u00e7lere y\u00f6nelik motosiklet g\u00fcvenli\u011fi e\u011fitimleri d\u00fczenlenecek. Kat\u0131l\u0131mc\u0131lar g\u00fcvenli s\u00fcr\u00fc\u015f tekniklerini \u00f6\u011frenirken trafik bilinci konusunda fark\u0131ndal\u0131k kazanacak.<\/p>\n<p>Birkan Polat\u2019tan g\u00f6steri<br \/>\n<br \/>T\u00fcrkiye \u015fampiyonu ve Avrupa 3.\u2019s\u00fc Birkan Polat, festivalde motosiklet g\u00f6sterileriyle heyecan\u0131 art\u0131racak. Polat\u2019\u0131n akrobatik hareketleri izleyenlere unutulmaz anlar ya\u015fatacak.<\/p>\n<p>Konserler ve stantlar<br \/>\n<br \/>Denizin kenar\u0131nda \u00f6zel \u00e7ad\u0131r yeri ve kamp alan\u0131 haz\u0131rlanacak. Kat\u0131l\u0131mc\u0131lar festival ruhunu g\u00fcn boyu ve gece boyunca ya\u015fayabilecek. Festival boyunca her ak\u015fam farkl\u0131 sanat\u00e7\u0131lar sahne alacak. Ayr\u0131ca motosiklet ekipmanlar\u0131, aksesuar ve giyim stantlar\u0131n\u0131n yan\u0131 s\u0131ra yiyecek-i\u00e7ecek alanlar\u0131 da yer alacak.<\/p>\n<p>Hayvanseverlere destek<br \/>\n<br \/>Festivalin son gecesinde toplanan mama destekleri, hayvansever dernekleri ile Bodrum Belediyesi Hayvan Bar\u0131na\u011f\u0131\u2019na teslim edilecek.<\/p>\n<p>Festival Komitesi yapt\u0131\u011f\u0131 a\u00e7\u0131klamada, &#8220;MotoFest\u2019i Bodrum\u2019da uluslararas\u0131 boyuta ta\u015f\u0131man\u0131n heyecan\u0131n\u0131 ya\u015f\u0131yoruz. Amac\u0131m\u0131z; iki teker sevdal\u0131lar\u0131n\u0131 bir araya getirerek motosiklet k\u00fclt\u00fcr\u00fcn\u00fc g\u00fc\u00e7lendirmek, g\u00fcvenli s\u00fcr\u00fc\u015f bilincini yayg\u0131nla\u015ft\u0131rmak ve ayn\u0131 zamanda topluma sosyal katk\u0131 sa\u011flamakt\u0131r. Kortej, kamp alan\u0131, konserler ve s\u00fcrpriz etkinliklerle dolu dolu \u00fc\u00e7 g\u00fcn i\u00e7in herkesi Bodrum\u2019a bekliyoruz&#8221; ifadelerine yer verdi.<br \/><\/p>\n","protected":false},"excerpt":{"rendered":"<p>Bodrum, bu y\u0131l ikinci kez uluslararas\u0131 \u00e7apta bir motosiklet \u015f\u00f6lenine ev sahipli\u011fi yapacak. 2. Uluslararas\u0131 Motofest, 12-13-14 Eyl\u00fcl tarihlerinde G\u00fcmbet Dolgu Alan\u0131\u2019nda ger\u00e7ekle\u015ftirilecek. 3 g\u00fcn s\u00fcrecek festivalde binlerce motosiklet tutkunu, konserler, g\u00f6steriler ve \u00e7e\u015fitli etkinliklerle bulu\u015facak. 2. Uluslararas\u0131 Motofest, belirlenecek g\u00fczergahta d\u00fczenlenecek motosiklet korteji ile ba\u015flayacak. Y\u00fczlerce farkl\u0131 marka ve modeldeki motosiklet Bodrum sokaklar\u0131nda renkli&#8230;<\/p>\n","protected":false},"author":1,"featured_media":51568,"comment_status":"open","ping_status":"open","sticky":false,"template":"","format":"standard","meta":{"_crdt_document":"","footnotes":""},"categories":[4],"tags":[],"class_list":["post-51567","post","type-post","status-publish","format-standard","has-post-thumbnail","hentry","category-spor"],"_links":{"self":[{"href":"https:\/\/www.egemtv.com\/index.php?rest_route=\/wp\/v2\/posts\/51567","targetHints":{"allow":["GET"]}}],"collection":[{"href":"https:\/\/www.egemtv.com\/index.php?rest_route=\/wp\/v2\/posts"}],"about":[{"href":"https:\/\/www.egemtv.com\/index.php?rest_route=\/wp\/v2\/types\/post"}],"author":[{"embeddable":true,"href":"https:\/\/www.egemtv.com\/index.php?rest_route=\/wp\/v2\/users\/1"}],"replies":[{"embeddable":true,"href":"https:\/\/www.egemtv.com\/index.php?rest_route=%2Fwp%2Fv2%2Fcomments&post=51567"}],"version-history":[{"count":1,"href":"https:\/\/www.egemtv.com\/index.php?rest_route=\/wp\/v2\/posts\/51567\/revisions"}],"predecessor-version":[{"id":51569,"href":"https:\/\/www.egemtv.com\/index.php?rest_route=\/wp\/v2\/posts\/51567\/revisions\/51569"}],"wp:featuredmedia":[{"embeddable":true,"href":"https:\/\/www.egemtv.com\/index.php?rest_route=\/wp\/v2\/media\/51568"}],"wp:attachment":[{"href":"https:\/\/www.egemtv.com\/index.php?rest_route=%2Fwp%2Fv2%2Fmedia&parent=51567"}],"wp:term":[{"taxonomy":"category","embeddable":true,"href":"https:\/\/www.egemtv.com\/index.php?rest_route=%2Fwp%2Fv2%2Fcategories&post=51567"},{"taxonomy":"post_tag","embeddable":true,"href":"https:\/\/www.egemtv.com\/index.php?rest_route=%2Fwp%2Fv2%2Ftags&post=51567"}],"curies":[{"name":"wp","href":"https:\/\/api.w.org\/{rel}","templated":true}]}}