{"id":51548,"date":"2025-08-27T13:55:04","date_gmt":"2025-08-27T10:55:04","guid":{"rendered":"https:\/\/www.egemtv.com\/?p=51548"},"modified":"2025-08-27T13:55:06","modified_gmt":"2025-08-27T10:55:06","slug":"aydinda-trafik-kazasi-1-yarali-5","status":"publish","type":"post","link":"https:\/\/www.egemtv.com\/?p=51548","title":{"rendered":"Ayd\u0131n\u2019da trafik kazas\u0131: 1 yaral\u0131"},"content":{"rendered":"<p>Ayd\u0131n\u2019\u0131n Efeler il\u00e7esinde iki otomobilin \u00e7arp\u0131\u015ft\u0131\u011f\u0131 kazada k\u0131sa bir s\u00fcre \u00f6nce hastaneden \u00e7\u0131kan ve diyaliz tedavisi i\u00e7in hastaneye giden bir kad\u0131n yaraland\u0131.<\/p>\n<p>Kaza, Efeler il\u00e7esi Otoban Kav\u015fa\u011f\u0131\u2019nda \u00f6\u011fle saatlerinde meydana geldi. Edinilen bilgilere g\u00f6re, \u0130ncirliova istikametinden gelen M.K. y\u00f6netimindeki 48 U 3716 plakal\u0131 otomobil ile Mimar Sinan Mahallesi\u2019nden \u00e7\u0131karak otobana ba\u011flanmak isteyen R.K. idaresindeki 20 APA 651 plakal\u0131 otomobil \u00e7arp\u0131\u015ft\u0131. \u00c7arp\u0131\u015fman\u0131n etkisiyle 48 U 3716 plakal\u0131 otomobilde yolcu olarak bulunan M.K. yaraland\u0131. Yaral\u0131 kad\u0131n\u0131n, k\u0131sa s\u00fcre \u00f6nce yo\u011fun bak\u0131mdan \u00e7\u0131kt\u0131\u011f\u0131 ve diyaliz tedavisi i\u00e7in hastaneye gitmek \u00fczere yola \u00e7\u0131kt\u0131\u011f\u0131 \u00f6\u011frenildi. \u0130hbar \u00fczerine olay yerine polis ve sa\u011fl\u0131k ekipleri sevk edildi. Yaral\u0131 kad\u0131n, ilk m\u00fcdahalesinin ard\u0131ndan hastaneye kald\u0131r\u0131ld\u0131.<\/p>\n<p>Polis, kazayla ilgili inceleme ba\u015flatt\u0131.<br \/><\/p>\n","protected":false},"excerpt":{"rendered":"<p>Ayd\u0131n\u2019\u0131n Efeler il\u00e7esinde iki otomobilin \u00e7arp\u0131\u015ft\u0131\u011f\u0131 kazada k\u0131sa bir s\u00fcre \u00f6nce hastaneden \u00e7\u0131kan ve diyaliz tedavisi i\u00e7in hastaneye giden bir kad\u0131n yaraland\u0131. Kaza, Efeler il\u00e7esi Otoban Kav\u015fa\u011f\u0131\u2019nda \u00f6\u011fle saatlerinde meydana geldi. Edinilen bilgilere g\u00f6re, \u0130ncirliova istikametinden gelen M.K. y\u00f6netimindeki 48 U 3716 plakal\u0131 otomobil ile Mimar Sinan Mahallesi\u2019nden \u00e7\u0131karak otobana ba\u011flanmak isteyen R.K. idaresindeki 20&#8230;<\/p>\n","protected":false},"author":1,"featured_media":51549,"comment_status":"open","ping_status":"open","sticky":false,"template":"","format":"standard","meta":{"_crdt_document":"","footnotes":""},"categories":[5],"tags":[],"class_list":["post-51548","post","type-post","status-publish","format-standard","has-post-thumbnail","hentry","category-asayis"],"_links":{"self":[{"href":"https:\/\/www.egemtv.com\/index.php?rest_route=\/wp\/v2\/posts\/51548","targetHints":{"allow":["GET"]}}],"collection":[{"href":"https:\/\/www.egemtv.com\/index.php?rest_route=\/wp\/v2\/posts"}],"about":[{"href":"https:\/\/www.egemtv.com\/index.php?rest_route=\/wp\/v2\/types\/post"}],"author":[{"embeddable":true,"href":"https:\/\/www.egemtv.com\/index.php?rest_route=\/wp\/v2\/users\/1"}],"replies":[{"embeddable":true,"href":"https:\/\/www.egemtv.com\/index.php?rest_route=%2Fwp%2Fv2%2Fcomments&post=51548"}],"version-history":[{"count":1,"href":"https:\/\/www.egemtv.com\/index.php?rest_route=\/wp\/v2\/posts\/51548\/revisions"}],"predecessor-version":[{"id":51550,"href":"https:\/\/www.egemtv.com\/index.php?rest_route=\/wp\/v2\/posts\/51548\/revisions\/51550"}],"wp:featuredmedia":[{"embeddable":true,"href":"https:\/\/www.egemtv.com\/index.php?rest_route=\/wp\/v2\/media\/51549"}],"wp:attachment":[{"href":"https:\/\/www.egemtv.com\/index.php?rest_route=%2Fwp%2Fv2%2Fmedia&parent=51548"}],"wp:term":[{"taxonomy":"category","embeddable":true,"href":"https:\/\/www.egemtv.com\/index.php?rest_route=%2Fwp%2Fv2%2Fcategories&post=51548"},{"taxonomy":"post_tag","embeddable":true,"href":"https:\/\/www.egemtv.com\/index.php?rest_route=%2Fwp%2Fv2%2Ftags&post=51548"}],"curies":[{"name":"wp","href":"https:\/\/api.w.org\/{rel}","templated":true}]}}