{"id":51545,"date":"2025-08-27T13:55:03","date_gmt":"2025-08-27T10:55:03","guid":{"rendered":"https:\/\/www.egemtv.com\/?p=51545"},"modified":"2025-08-27T13:55:04","modified_gmt":"2025-08-27T10:55:04","slug":"yuruyusu-yapan-doktor-otomobil-carpmasi-sonucu-hayatini-kaybetti","status":"publish","type":"post","link":"https:\/\/www.egemtv.com\/?p=51545","title":{"rendered":"Y\u00fcr\u00fcy\u00fc\u015f\u00fc yapan doktor otomobil \u00e7arpmas\u0131 sonucu hayat\u0131n\u0131 kaybetti"},"content":{"rendered":"<p>Denizli Ac\u0131payam\u2019\u0131n emektar doktorlar\u0131ndan \u0130sa Tuzcu, sabah y\u00fcr\u00fcy\u00fc\u015f\u00fc s\u0131ras\u0131nda bir arac\u0131n \u00e7arpmas\u0131 sonucu a\u011f\u0131r yaraland\u0131. Hastaneye kald\u0131r\u0131lan 80 ya\u015f\u0131ndaki emektar doktor yap\u0131lan t\u00fcm m\u00fcdahalelere ra\u011fmen hayat\u0131n\u0131 kaybetti.<br \/>\n<br \/>Denizli\u2019nin Ac\u0131payam il\u00e7esinde sabah saatlerinde trafik kazas\u0131 meydana geldi. \u0130l\u00e7ede uzun y\u0131llar doktorluk yapan olan \u0130sa Tuzcu, y\u00fcr\u00fcy\u00fc\u015f yapt\u0131\u011f\u0131 s\u0131rada otomobil \u00e7arpmas\u0131 sonucu hayat\u0131n\u0131 kaybetti. kaza ile ilgili edinilen bilgilere g\u00f6re, Dr. \u0130sa Tuzcu, iki arkada\u015f\u0131yla birlikte TOK\u0130 yol g\u00fczergah\u0131nda y\u00fcr\u00fcmeye ba\u015flad\u0131. Yol kenar\u0131nda ilerlerken, yoldan ge\u00e7en otomobil Tuzcu\u2019ya \u00e7arpt\u0131. \u00c7arpman\u0131n etkisiyle a\u011f\u0131r yaralanan Tuzcu kazada a\u011f\u0131r yaraland\u0131. \u00c7evredeki vatanda\u015flar\u0131n ihbar\u0131 \u00fczerine b\u00f6lgeye sa\u011fl\u0131k ve polis ekipleri sevk edildi. Olay yerine gelen sa\u011fl\u0131k ekipleri taraf\u0131ndan ilk m\u00fcdahalesi yap\u0131lan doktor ambulansla hastaneye sevk edildi. Hastane doktorlar\u0131n t\u00fcm m\u00fcdahalesine ra\u011fmen \u0130sa Tuzcu hayat\u0131n\u0131 kaybetti.<br \/>\n<br \/>Emektar doktoru otomobiliyle \u00e7arpan s\u00fcr\u00fcc\u00fc olay yerine polis ekipleri taraf\u0131ndan g\u00f6zalt\u0131na al\u0131nd\u0131. Kaza ile ilgili soru\u015fturma ba\u015flat\u0131ld\u0131.<br \/><\/p>\n","protected":false},"excerpt":{"rendered":"<p>Denizli Ac\u0131payam\u2019\u0131n emektar doktorlar\u0131ndan \u0130sa Tuzcu, sabah y\u00fcr\u00fcy\u00fc\u015f\u00fc s\u0131ras\u0131nda bir arac\u0131n \u00e7arpmas\u0131 sonucu a\u011f\u0131r yaraland\u0131. Hastaneye kald\u0131r\u0131lan 80 ya\u015f\u0131ndaki emektar doktor yap\u0131lan t\u00fcm m\u00fcdahalelere ra\u011fmen hayat\u0131n\u0131 kaybetti. Denizli\u2019nin Ac\u0131payam il\u00e7esinde sabah saatlerinde trafik kazas\u0131 meydana geldi. \u0130l\u00e7ede uzun y\u0131llar doktorluk yapan olan \u0130sa Tuzcu, y\u00fcr\u00fcy\u00fc\u015f yapt\u0131\u011f\u0131 s\u0131rada otomobil \u00e7arpmas\u0131 sonucu hayat\u0131n\u0131 kaybetti. kaza ile ilgili&#8230;<\/p>\n","protected":false},"author":1,"featured_media":51546,"comment_status":"open","ping_status":"open","sticky":false,"template":"","format":"standard","meta":{"_crdt_document":"","footnotes":""},"categories":[5],"tags":[],"class_list":["post-51545","post","type-post","status-publish","format-standard","has-post-thumbnail","hentry","category-asayis"],"_links":{"self":[{"href":"https:\/\/www.egemtv.com\/index.php?rest_route=\/wp\/v2\/posts\/51545","targetHints":{"allow":["GET"]}}],"collection":[{"href":"https:\/\/www.egemtv.com\/index.php?rest_route=\/wp\/v2\/posts"}],"about":[{"href":"https:\/\/www.egemtv.com\/index.php?rest_route=\/wp\/v2\/types\/post"}],"author":[{"embeddable":true,"href":"https:\/\/www.egemtv.com\/index.php?rest_route=\/wp\/v2\/users\/1"}],"replies":[{"embeddable":true,"href":"https:\/\/www.egemtv.com\/index.php?rest_route=%2Fwp%2Fv2%2Fcomments&post=51545"}],"version-history":[{"count":1,"href":"https:\/\/www.egemtv.com\/index.php?rest_route=\/wp\/v2\/posts\/51545\/revisions"}],"predecessor-version":[{"id":51547,"href":"https:\/\/www.egemtv.com\/index.php?rest_route=\/wp\/v2\/posts\/51545\/revisions\/51547"}],"wp:featuredmedia":[{"embeddable":true,"href":"https:\/\/www.egemtv.com\/index.php?rest_route=\/wp\/v2\/media\/51546"}],"wp:attachment":[{"href":"https:\/\/www.egemtv.com\/index.php?rest_route=%2Fwp%2Fv2%2Fmedia&parent=51545"}],"wp:term":[{"taxonomy":"category","embeddable":true,"href":"https:\/\/www.egemtv.com\/index.php?rest_route=%2Fwp%2Fv2%2Fcategories&post=51545"},{"taxonomy":"post_tag","embeddable":true,"href":"https:\/\/www.egemtv.com\/index.php?rest_route=%2Fwp%2Fv2%2Ftags&post=51545"}],"curies":[{"name":"wp","href":"https:\/\/api.w.org\/{rel}","templated":true}]}}