{"id":51542,"date":"2025-08-27T13:55:00","date_gmt":"2025-08-27T10:55:00","guid":{"rendered":"https:\/\/www.egemtv.com\/?p=51542"},"modified":"2025-08-27T13:55:02","modified_gmt":"2025-08-27T10:55:02","slug":"nazillide-egitimde-yeni-donem-yol-haritasi-belirlendi","status":"publish","type":"post","link":"https:\/\/www.egemtv.com\/?p=51542","title":{"rendered":"Nazilli\u2019de e\u011fitimde yeni d\u00f6nem yol haritas\u0131 belirlendi"},"content":{"rendered":"<p>Ayd\u0131n\u2019\u0131n Nazilli il\u00e7esinde 2025-2026 e\u011fitim \u00f6\u011fretim y\u0131l\u0131 \u00f6ncesi, \u0130l\u00e7e Milli E\u011fitim M\u00fcd\u00fcr\u00fc \u0130smail \u015eim\u015fek ba\u015fkanl\u0131\u011f\u0131nda ilkokul ve anaokulu m\u00fcd\u00fcrlerinin kat\u0131l\u0131m\u0131yla sene ba\u015f\u0131 de\u011ferlendirme toplant\u0131s\u0131 ger\u00e7ekle\u015ftirildi.<\/p>\n<p>Toplant\u0131da \u00f6nceki y\u0131llarda y\u00fcr\u00fct\u00fclen projeler masaya yat\u0131r\u0131l\u0131rken, yeni e\u011fitim \u00f6\u011fretim y\u0131l\u0131 i\u00e7in yap\u0131lacak planlamalar g\u00f6r\u00fc\u015f\u00fcld\u00fc. \u00d6zellikle \u2019T\u00fcrkiye Y\u00fczy\u0131l\u0131 Maarif Modeli\u2019 \u00e7er\u00e7evesinde hayata ge\u00e7irilecek \u00e7al\u0131\u015fmalar g\u00fcndeme al\u0131nd\u0131. E\u011fitimde niteli\u011fi art\u0131rmaya y\u00f6nelik at\u0131lacak ad\u0131mlar, il\u00e7ede uygulanacak projelerle birlikte planland\u0131. Cumhurba\u015fkanl\u0131\u011f\u0131 taraf\u0131ndan 2025 y\u0131l\u0131n\u0131n \u2019Aile Y\u0131l\u0131\u2019 ilan edilmesi dolay\u0131s\u0131yla, aile de\u011ferlerini g\u00fc\u00e7lendirmeye y\u00f6nelik faaliyetler de toplant\u0131n\u0131n g\u00fcndeminde yer ald\u0131. Velilerle i\u015f birli\u011finin geli\u015ftirilmesi, \u00f6\u011frencilerin akademik ba\u015far\u0131lar\u0131n\u0131n yan\u0131 s\u0131ra sosyal ve k\u00fclt\u00fcrel geli\u015fimlerine katk\u0131 sa\u011flayacak projelerin \u00f6nemi vurguland\u0131.<\/p>\n<p>Toplant\u0131da ayr\u0131ca, okul \u00f6ncesi e\u011fitimin \u00e7ocuklar\u0131n geli\u015fiminde kritik bir basamak oldu\u011fu ifade edilerek, bu alanda eri\u015fim ve kalitenin art\u0131r\u0131lmas\u0131na y\u00f6nelik stratejiler ele al\u0131nd\u0131. \u0130l\u00e7e Milli E\u011fitim M\u00fcd\u00fcr\u00fc \u0130smail \u015eim\u015fek, &#8220;Maarif modelimizin ve aile odakl\u0131 \u00e7al\u0131\u015fmalar\u0131m\u0131z\u0131n merkezinde \u00e7ocuklar\u0131m\u0131z yer almaktad\u0131r. \u00d6zellikle okul \u00f6ncesi e\u011fitimin yayg\u0131nla\u015ft\u0131r\u0131lmas\u0131 ve kalitesinin y\u00fckseltilmesi, gelece\u011fimizin sa\u011flam temeller \u00fczerine in\u015fa edilmesi a\u00e7\u0131s\u0131ndan b\u00fcy\u00fck \u00f6nem ta\u015f\u0131maktad\u0131r&#8221; dedi.<\/p>\n<p>Toplant\u0131, okul y\u00f6neticilerinin g\u00f6r\u00fc\u015f ve \u00f6nerilerinin al\u0131nmas\u0131yla sona erdi.<br \/><\/p>\n","protected":false},"excerpt":{"rendered":"<p>Ayd\u0131n\u2019\u0131n Nazilli il\u00e7esinde 2025-2026 e\u011fitim \u00f6\u011fretim y\u0131l\u0131 \u00f6ncesi, \u0130l\u00e7e Milli E\u011fitim M\u00fcd\u00fcr\u00fc \u0130smail \u015eim\u015fek ba\u015fkanl\u0131\u011f\u0131nda ilkokul ve anaokulu m\u00fcd\u00fcrlerinin kat\u0131l\u0131m\u0131yla sene ba\u015f\u0131 de\u011ferlendirme toplant\u0131s\u0131 ger\u00e7ekle\u015ftirildi. Toplant\u0131da \u00f6nceki y\u0131llarda y\u00fcr\u00fct\u00fclen projeler masaya yat\u0131r\u0131l\u0131rken, yeni e\u011fitim \u00f6\u011fretim y\u0131l\u0131 i\u00e7in yap\u0131lacak planlamalar g\u00f6r\u00fc\u015f\u00fcld\u00fc. \u00d6zellikle \u2019T\u00fcrkiye Y\u00fczy\u0131l\u0131 Maarif Modeli\u2019 \u00e7er\u00e7evesinde hayata ge\u00e7irilecek \u00e7al\u0131\u015fmalar g\u00fcndeme al\u0131nd\u0131. E\u011fitimde niteli\u011fi art\u0131rmaya y\u00f6nelik&#8230;<\/p>\n","protected":false},"author":1,"featured_media":51543,"comment_status":"open","ping_status":"open","sticky":false,"template":"","format":"standard","meta":{"_crdt_document":"","footnotes":""},"categories":[1],"tags":[],"class_list":["post-51542","post","type-post","status-publish","format-standard","has-post-thumbnail","hentry","category-guncel"],"_links":{"self":[{"href":"https:\/\/www.egemtv.com\/index.php?rest_route=\/wp\/v2\/posts\/51542","targetHints":{"allow":["GET"]}}],"collection":[{"href":"https:\/\/www.egemtv.com\/index.php?rest_route=\/wp\/v2\/posts"}],"about":[{"href":"https:\/\/www.egemtv.com\/index.php?rest_route=\/wp\/v2\/types\/post"}],"author":[{"embeddable":true,"href":"https:\/\/www.egemtv.com\/index.php?rest_route=\/wp\/v2\/users\/1"}],"replies":[{"embeddable":true,"href":"https:\/\/www.egemtv.com\/index.php?rest_route=%2Fwp%2Fv2%2Fcomments&post=51542"}],"version-history":[{"count":1,"href":"https:\/\/www.egemtv.com\/index.php?rest_route=\/wp\/v2\/posts\/51542\/revisions"}],"predecessor-version":[{"id":51544,"href":"https:\/\/www.egemtv.com\/index.php?rest_route=\/wp\/v2\/posts\/51542\/revisions\/51544"}],"wp:featuredmedia":[{"embeddable":true,"href":"https:\/\/www.egemtv.com\/index.php?rest_route=\/wp\/v2\/media\/51543"}],"wp:attachment":[{"href":"https:\/\/www.egemtv.com\/index.php?rest_route=%2Fwp%2Fv2%2Fmedia&parent=51542"}],"wp:term":[{"taxonomy":"category","embeddable":true,"href":"https:\/\/www.egemtv.com\/index.php?rest_route=%2Fwp%2Fv2%2Fcategories&post=51542"},{"taxonomy":"post_tag","embeddable":true,"href":"https:\/\/www.egemtv.com\/index.php?rest_route=%2Fwp%2Fv2%2Ftags&post=51542"}],"curies":[{"name":"wp","href":"https:\/\/api.w.org\/{rel}","templated":true}]}}