{"id":51539,"date":"2025-08-27T13:54:58","date_gmt":"2025-08-27T10:54:58","guid":{"rendered":"https:\/\/www.egemtv.com\/?p=51539"},"modified":"2025-08-27T13:55:00","modified_gmt":"2025-08-27T10:55:00","slug":"kusadasinin-ilk-turizmcilerinden-arap-riza-saracin-hatiralari-savarona-ile-yeniden-gundemde","status":"publish","type":"post","link":"https:\/\/www.egemtv.com\/?p=51539","title":{"rendered":"Ku\u015fadas\u0131\u2019n\u0131n ilk turizmcilerinden Arap R\u0131za Sara\u00e7\u2019\u0131n hat\u0131ralar\u0131 &#8220;Savarona&#8221; ile yeniden g\u00fcndemde"},"content":{"rendered":"<p>Ku\u015fadas\u0131 turizminin \u00f6nc\u00fclerinden, il\u00e7ede &#8220;Arap R\u0131za&#8221; olarak tan\u0131nan merhum R\u0131za Sara\u00e7\u2019\u0131n ismi, yeniden g\u00fcndeme geldi. R\u0131za Sara\u00e7\u2019\u0131n o\u011flu, \u0130talyan Fahri Konsolosu Murat Sara\u00e7, yapt\u0131\u011f\u0131 a\u00e7\u0131klamada hem Cumhuriyet tarihinin en g\u00f6rkemli yatlar\u0131ndan Savarona\u2019n\u0131n yeniden denizlere \u00e7\u0131k\u0131\u015f\u0131n\u0131 hem de babas\u0131n\u0131n y\u0131llar \u00f6nce kaleme ald\u0131\u011f\u0131 hat\u0131ra kitab\u0131n\u0131n yay\u0131n tarihini duyurdu.<\/p>\n<p>Murat Sara\u00e7, a\u00e7\u0131klamas\u0131nda, &#8220;Savarona bug\u00fcn yeniden denizlere \u00e7\u0131kt\u0131. Babam\u0131n y\u0131llarca anlatt\u0131\u011f\u0131, askerlik hizmetini yapt\u0131\u011f\u0131 bu gemi, hayat\u0131n\u0131n en \u00f6zel d\u00f6n\u00fcm noktalar\u0131ndan biriydi. Onun hat\u0131ralar\u0131n\u0131 kitapla\u015ft\u0131rd\u0131k. 28 Ekim 2025\u2019te \u2018Savarona hat\u0131ralar\u0131m\u2019 ad\u0131yla okurlarla bulu\u015facak&#8221; dedi.<\/p>\n<p>Hem asker, hem turizm \u00f6nc\u00fcs\u00fc<br \/>\n<br \/>Ku\u015fadas\u0131\u2019nda turizmin geli\u015fmeye ba\u015flad\u0131\u011f\u0131 1950\u2019li ve 60\u2019l\u0131 y\u0131llarda il\u00e7eye gelen yerli yabanc\u0131 tan\u0131nm\u0131\u015f isimler ve turistlerle geli\u015ftirdi\u011fi dostluklar, Ku\u015fadas\u0131\u2019n\u0131n ilk turistik e\u015fya ma\u011fazas\u0131 Artemis\u2019in kurucusu olmas\u0131 ve turizmin her alan\u0131nda \u00f6nc\u00fcl\u00fc\u011f\u00fc ile bilinen \u2018Arap\u2019 R\u0131za Sara\u00e7, b\u00f6lgenin turizm belle\u011finde \u00f6zel bir yere sahip.<br \/>\n<br \/>Ancak R\u0131za Sara\u00e7\u2019\u0131n hayat\u0131ndaki en unutulmaz d\u00f6nemlerden biri, askerli\u011fini Savarona Yat\u0131\u2019nda yapm\u0131\u015f olmas\u0131. Atat\u00fcrk\u2019e arma\u011fan edilen ve Cumhuriyet\u2019in sembollerinden biri haline gelen Savarona, onun hem askerlik an\u0131lar\u0131nda hem de turizm kariyerinde derin izler b\u0131rakt\u0131. O d\u00f6nemde okul e\u011fitim gemisi ve Cumhurba\u015fkanl\u0131\u011f\u0131 Yat\u0131 olarak kullan\u0131lan Savarona\u2019da tuttu\u011fu g\u00fcnl\u00fckler g\u00fcn y\u00fcz\u00fcne \u00e7\u0131k\u0131yor. D\u00f6nemin \u00fcnl\u00fc \u015fahsiyetlerinin gemiyi ziyaretleri, ya\u015fanan olaylar, 50\u2019li y\u0131llar\u0131n \u0130stanbul, T\u00fcrkiye ve d\u00fcnya izlenimleri hat\u0131ralarda yer al\u0131yor. D\u00fcnyan\u0131n d\u00f6rt bir yan\u0131na yapm\u0131\u015f olduklar\u0131 e\u011fitim gezilerinden edindi\u011fi izlenimler ve komutanlar\u0131ndan ald\u0131\u011f\u0131 tavsiyelerle Ku\u015fadas\u0131\u2019nda turizm \u00f6nc\u00fcl\u00fc\u011f\u00fcn\u00fc yapmas\u0131 detaylar\u0131yla anlat\u0131l\u0131yor.<\/p>\n<p>Sara\u00e7\u2019\u0131n Savarona\u2019daki askerlik g\u00fcnlerinden ba\u015flayarak, Ku\u015fadas\u0131\u2019ndaki turizm hik\u00e2yelerine kadar uzanan an\u0131lar\u0131, uzun bir ar\u015fiv \u00e7al\u0131\u015fmas\u0131n\u0131n ard\u0131ndan kitapla\u015ft\u0131r\u0131ld\u0131. &#8220;Savarona hat\u0131ralar\u0131m&#8221;, Cumhuriyet\u2019in 102. y\u0131l\u0131na, Arap R\u0131za Sara\u00e7\u2019\u0131n ise vefat\u0131n\u0131n 50. y\u0131l\u0131na denk gelen 28 ekim 2025\u2019te okurla bulu\u015facak.<\/p>\n<p>Murat Sara\u00e7, kitab\u0131n sadece aile i\u00e7in de\u011fil, ayn\u0131 zamanda Ku\u015fadas\u0131, Cumhuriyet tarihi ve turizm haf\u0131zas\u0131 a\u00e7\u0131s\u0131ndan da de\u011ferli bir miras oldu\u011funu vurgulad\u0131.<br \/><\/p>\n","protected":false},"excerpt":{"rendered":"<p>Ku\u015fadas\u0131 turizminin \u00f6nc\u00fclerinden, il\u00e7ede &#8220;Arap R\u0131za&#8221; olarak tan\u0131nan merhum R\u0131za Sara\u00e7\u2019\u0131n ismi, yeniden g\u00fcndeme geldi. R\u0131za Sara\u00e7\u2019\u0131n o\u011flu, \u0130talyan Fahri Konsolosu Murat Sara\u00e7, yapt\u0131\u011f\u0131 a\u00e7\u0131klamada hem Cumhuriyet tarihinin en g\u00f6rkemli yatlar\u0131ndan Savarona\u2019n\u0131n yeniden denizlere \u00e7\u0131k\u0131\u015f\u0131n\u0131 hem de babas\u0131n\u0131n y\u0131llar \u00f6nce kaleme ald\u0131\u011f\u0131 hat\u0131ra kitab\u0131n\u0131n yay\u0131n tarihini duyurdu. Murat Sara\u00e7, a\u00e7\u0131klamas\u0131nda, &#8220;Savarona bug\u00fcn yeniden denizlere \u00e7\u0131kt\u0131&#8230;.<\/p>\n","protected":false},"author":1,"featured_media":51540,"comment_status":"open","ping_status":"open","sticky":false,"template":"","format":"standard","meta":{"_crdt_document":"","footnotes":""},"categories":[123],"tags":[],"class_list":["post-51539","post","type-post","status-publish","format-standard","has-post-thumbnail","hentry","category-gundem"],"_links":{"self":[{"href":"https:\/\/www.egemtv.com\/index.php?rest_route=\/wp\/v2\/posts\/51539","targetHints":{"allow":["GET"]}}],"collection":[{"href":"https:\/\/www.egemtv.com\/index.php?rest_route=\/wp\/v2\/posts"}],"about":[{"href":"https:\/\/www.egemtv.com\/index.php?rest_route=\/wp\/v2\/types\/post"}],"author":[{"embeddable":true,"href":"https:\/\/www.egemtv.com\/index.php?rest_route=\/wp\/v2\/users\/1"}],"replies":[{"embeddable":true,"href":"https:\/\/www.egemtv.com\/index.php?rest_route=%2Fwp%2Fv2%2Fcomments&post=51539"}],"version-history":[{"count":1,"href":"https:\/\/www.egemtv.com\/index.php?rest_route=\/wp\/v2\/posts\/51539\/revisions"}],"predecessor-version":[{"id":51541,"href":"https:\/\/www.egemtv.com\/index.php?rest_route=\/wp\/v2\/posts\/51539\/revisions\/51541"}],"wp:featuredmedia":[{"embeddable":true,"href":"https:\/\/www.egemtv.com\/index.php?rest_route=\/wp\/v2\/media\/51540"}],"wp:attachment":[{"href":"https:\/\/www.egemtv.com\/index.php?rest_route=%2Fwp%2Fv2%2Fmedia&parent=51539"}],"wp:term":[{"taxonomy":"category","embeddable":true,"href":"https:\/\/www.egemtv.com\/index.php?rest_route=%2Fwp%2Fv2%2Fcategories&post=51539"},{"taxonomy":"post_tag","embeddable":true,"href":"https:\/\/www.egemtv.com\/index.php?rest_route=%2Fwp%2Fv2%2Ftags&post=51539"}],"curies":[{"name":"wp","href":"https:\/\/api.w.org\/{rel}","templated":true}]}}