{"id":51472,"date":"2025-08-27T10:55:05","date_gmt":"2025-08-27T07:55:05","guid":{"rendered":"https:\/\/www.egemtv.com\/?p=51472"},"modified":"2025-08-27T10:55:06","modified_gmt":"2025-08-27T07:55:06","slug":"vali-musa-isin-sevgi-yolunda-esnaf-ve-vatandaslarla-bulustu","status":"publish","type":"post","link":"https:\/\/www.egemtv.com\/?p=51472","title":{"rendered":"Vali Musa I\u015f\u0131n, Sevgi Yolu\u2019nda esnaf ve vatanda\u015flarla bulu\u015ftu"},"content":{"rendered":"<p>K\u00fctahya Valisi Musa I\u015f\u0131n, Sevgi Yolu\u2019nda esnaf ve vatanda\u015flarla bir araya geldi. Ziyaret s\u0131ras\u0131nda vatanda\u015flarla sohbet eden Vali I\u015f\u0131n, talepleri dinledi.<br \/>\n<br \/>\u00d6zellikle gen\u00e7lerle g\u00f6r\u00fc\u015ferek onlar\u0131n d\u00fc\u015f\u00fcncelerini ve beklentilerini \u00f6\u011frenen Vali I\u015f\u0131n, \u00e7ocuklarla da yak\u0131ndan ilgilendi ve hat\u0131ra foto\u011fraf\u0131 \u00e7ektirdi.<br \/>\n<br \/>Her zaman sahada olduklar\u0131n\u0131 vurgulayan Vali Musa I\u015f\u0131n, &#8220;Kap\u0131m\u0131z da g\u00f6nl\u00fcm\u00fcz de hem\u015fehrilerimize daima a\u00e7\u0131kt\u0131r. Vatanda\u015flar\u0131m\u0131z\u0131n taleplerini do\u011frudan kendilerinden dinlemek bizim i\u00e7in \u00e7ok k\u0131ymetli&#8221; ifadelerini kulland\u0131.<br \/>\n<br \/>Esnaf ve vatanda\u015flar ise kendilerine g\u00f6sterdi\u011fi ilgi ve samimiyetinden dolay\u0131 Vali I\u015f\u0131n\u2019a te\u015fekk\u00fcr etti.<br \/><\/p>\n","protected":false},"excerpt":{"rendered":"<p>K\u00fctahya Valisi Musa I\u015f\u0131n, Sevgi Yolu\u2019nda esnaf ve vatanda\u015flarla bir araya geldi. Ziyaret s\u0131ras\u0131nda vatanda\u015flarla sohbet eden Vali I\u015f\u0131n, talepleri dinledi. \u00d6zellikle gen\u00e7lerle g\u00f6r\u00fc\u015ferek onlar\u0131n d\u00fc\u015f\u00fcncelerini ve beklentilerini \u00f6\u011frenen Vali I\u015f\u0131n, \u00e7ocuklarla da yak\u0131ndan ilgilendi ve hat\u0131ra foto\u011fraf\u0131 \u00e7ektirdi. Her zaman sahada olduklar\u0131n\u0131 vurgulayan Vali Musa I\u015f\u0131n, &#8220;Kap\u0131m\u0131z da g\u00f6nl\u00fcm\u00fcz de hem\u015fehrilerimize daima a\u00e7\u0131kt\u0131r. Vatanda\u015flar\u0131m\u0131z\u0131n&#8230;<\/p>\n","protected":false},"author":1,"featured_media":51473,"comment_status":"open","ping_status":"open","sticky":false,"template":"","format":"standard","meta":{"_crdt_document":"","footnotes":""},"categories":[123],"tags":[],"class_list":["post-51472","post","type-post","status-publish","format-standard","has-post-thumbnail","hentry","category-gundem"],"_links":{"self":[{"href":"https:\/\/www.egemtv.com\/index.php?rest_route=\/wp\/v2\/posts\/51472","targetHints":{"allow":["GET"]}}],"collection":[{"href":"https:\/\/www.egemtv.com\/index.php?rest_route=\/wp\/v2\/posts"}],"about":[{"href":"https:\/\/www.egemtv.com\/index.php?rest_route=\/wp\/v2\/types\/post"}],"author":[{"embeddable":true,"href":"https:\/\/www.egemtv.com\/index.php?rest_route=\/wp\/v2\/users\/1"}],"replies":[{"embeddable":true,"href":"https:\/\/www.egemtv.com\/index.php?rest_route=%2Fwp%2Fv2%2Fcomments&post=51472"}],"version-history":[{"count":1,"href":"https:\/\/www.egemtv.com\/index.php?rest_route=\/wp\/v2\/posts\/51472\/revisions"}],"predecessor-version":[{"id":51474,"href":"https:\/\/www.egemtv.com\/index.php?rest_route=\/wp\/v2\/posts\/51472\/revisions\/51474"}],"wp:featuredmedia":[{"embeddable":true,"href":"https:\/\/www.egemtv.com\/index.php?rest_route=\/wp\/v2\/media\/51473"}],"wp:attachment":[{"href":"https:\/\/www.egemtv.com\/index.php?rest_route=%2Fwp%2Fv2%2Fmedia&parent=51472"}],"wp:term":[{"taxonomy":"category","embeddable":true,"href":"https:\/\/www.egemtv.com\/index.php?rest_route=%2Fwp%2Fv2%2Fcategories&post=51472"},{"taxonomy":"post_tag","embeddable":true,"href":"https:\/\/www.egemtv.com\/index.php?rest_route=%2Fwp%2Fv2%2Ftags&post=51472"}],"curies":[{"name":"wp","href":"https:\/\/api.w.org\/{rel}","templated":true}]}}