{"id":51469,"date":"2025-08-27T10:55:04","date_gmt":"2025-08-27T07:55:04","guid":{"rendered":"https:\/\/www.egemtv.com\/?p=51469"},"modified":"2025-08-27T10:55:05","modified_gmt":"2025-08-27T07:55:05","slug":"kutahya-belediyesinden-zafer-haftasinda-cihat-yayci-konferansi","status":"publish","type":"post","link":"https:\/\/www.egemtv.com\/?p=51469","title":{"rendered":"K\u00fctahya Belediyesi\u2019nden Zafer Haftas\u0131\u2019nda Cihat Yayc\u0131 konferans\u0131"},"content":{"rendered":"<p>K\u00fctahya Belediyesi taraf\u0131ndan Zafer Haftas\u0131 etkinlikleri kapsam\u0131nda &#8220;B\u00fcy\u00fck Zaferin Jeopolitik ve Stratejik Miras\u0131: 30 A\u011fustos\u2019tan Mavi Vatan\u2019a&#8221; konulu konferans d\u00fczenlendi. Programa, m\u00fcstafi t\u00fcmamiral Prof. Dr. Cihat Yayc\u0131 konu\u015fmac\u0131 olarak kat\u0131ld\u0131.<br \/>\n<br \/>K\u00fctahya Belediyesi Konferans Salonu\u2019nda ger\u00e7ekle\u015ftirilen etkinlik, sayg\u0131 duru\u015fu ve \u0130stiklal Mar\u015f\u0131 ile ba\u015flad\u0131. A\u00e7\u0131l\u0131\u015f konu\u015fmas\u0131n\u0131 yapan Belediye Ba\u015fkan Yard\u0131mc\u0131s\u0131 Kemalettin Ekici, 30 A\u011fustos Zaferi\u2019nin ba\u011f\u0131ms\u0131zl\u0131k iradesinin ve yeniden do\u011fu\u015fun simgesi oldu\u011funa dikkat \u00e7ekerek, &#8220;30 A\u011fustos 1922\u2019de kazan\u0131lan Ba\u015fkomutanl\u0131k Meydan Muharebesi, Anadolu\u2019nun sonsuza dek T\u00fcrk yurdu kalaca\u011f\u0131n\u0131n tarihe kaz\u0131nm\u0131\u015f ilan\u0131d\u0131r&#8221; dedi.<br \/>\n<br \/>Yo\u011fun ilgi g\u00f6ren konferansta Prof. Dr. Cihat Yayc\u0131, 30 A\u011fustos Zaferi\u2019nden g\u00fcn\u00fcm\u00fcze uzanan stratejik miras\u0131 ve &#8220;Mavi Vatan&#8221; doktrinini anlatt\u0131. K\u00fctahya halk\u0131n\u0131n milli m\u00fccadeledeki rol\u00fcnden B\u00fcy\u00fck Taarruz\u2019a, Atat\u00fcrk\u2019\u00fcn donanma vizyonundan T\u00fcrkiye\u2019nin jeopolitik \u00f6nemine kadar pek \u00e7ok konuda bilgiler aktaran Yayc\u0131, kat\u0131l\u0131mc\u0131lar\u0131n sorular\u0131n\u0131 da yan\u0131tlad\u0131.<br \/>\n<br \/>Ba\u015fkan Yard\u0131mc\u0131s\u0131 Ekici, konferans sonunda yapt\u0131\u011f\u0131 konu\u015fmada, &#8220;Bug\u00fcn bize d\u00fc\u015fen sorumluluk yaln\u0131zca karadaki vatan\u0131m\u0131z\u0131 korumakla s\u0131n\u0131rl\u0131 de\u011fildir. Bu noktada, \u2018Mavi Vatan\u2019 kavram\u0131n\u0131 bir doktrin haline getirerek T\u00fcrk milletine vizyon kazand\u0131ran k\u0131ymetli hocam\u0131z Prof. Dr. Cihat Yayc\u0131\u2019ya \u015f\u00fckranlar\u0131m\u0131z\u0131 sunuyoruz&#8221; ifadelerini kulland\u0131.<br \/>\n<br \/>Etkinlikte, Gazi Mustafa Kemal Atat\u00fcrk ve silah arkada\u015flar\u0131 rahmet ve minnetle an\u0131l\u0131rken, Ekici taraf\u0131ndan Prof. Dr. Cihat Yayc\u0131\u2019ya te\u015fekk\u00fcr belgesi takdim edildi. Konferansa belediye y\u00f6neticileri, birim m\u00fcd\u00fcrleri, personel ve \u00e7ok say\u0131da vatanda\u015f kat\u0131ld\u0131.<br \/><\/p>\n","protected":false},"excerpt":{"rendered":"<p>K\u00fctahya Belediyesi taraf\u0131ndan Zafer Haftas\u0131 etkinlikleri kapsam\u0131nda &#8220;B\u00fcy\u00fck Zaferin Jeopolitik ve Stratejik Miras\u0131: 30 A\u011fustos\u2019tan Mavi Vatan\u2019a&#8221; konulu konferans d\u00fczenlendi. Programa, m\u00fcstafi t\u00fcmamiral Prof. Dr. Cihat Yayc\u0131 konu\u015fmac\u0131 olarak kat\u0131ld\u0131. K\u00fctahya Belediyesi Konferans Salonu\u2019nda ger\u00e7ekle\u015ftirilen etkinlik, sayg\u0131 duru\u015fu ve \u0130stiklal Mar\u015f\u0131 ile ba\u015flad\u0131. A\u00e7\u0131l\u0131\u015f konu\u015fmas\u0131n\u0131 yapan Belediye Ba\u015fkan Yard\u0131mc\u0131s\u0131 Kemalettin Ekici, 30 A\u011fustos Zaferi\u2019nin ba\u011f\u0131ms\u0131zl\u0131k&#8230;<\/p>\n","protected":false},"author":1,"featured_media":51470,"comment_status":"open","ping_status":"open","sticky":false,"template":"","format":"standard","meta":{"_crdt_document":"","footnotes":""},"categories":[1],"tags":[],"class_list":["post-51469","post","type-post","status-publish","format-standard","has-post-thumbnail","hentry","category-guncel"],"_links":{"self":[{"href":"https:\/\/www.egemtv.com\/index.php?rest_route=\/wp\/v2\/posts\/51469","targetHints":{"allow":["GET"]}}],"collection":[{"href":"https:\/\/www.egemtv.com\/index.php?rest_route=\/wp\/v2\/posts"}],"about":[{"href":"https:\/\/www.egemtv.com\/index.php?rest_route=\/wp\/v2\/types\/post"}],"author":[{"embeddable":true,"href":"https:\/\/www.egemtv.com\/index.php?rest_route=\/wp\/v2\/users\/1"}],"replies":[{"embeddable":true,"href":"https:\/\/www.egemtv.com\/index.php?rest_route=%2Fwp%2Fv2%2Fcomments&post=51469"}],"version-history":[{"count":1,"href":"https:\/\/www.egemtv.com\/index.php?rest_route=\/wp\/v2\/posts\/51469\/revisions"}],"predecessor-version":[{"id":51471,"href":"https:\/\/www.egemtv.com\/index.php?rest_route=\/wp\/v2\/posts\/51469\/revisions\/51471"}],"wp:featuredmedia":[{"embeddable":true,"href":"https:\/\/www.egemtv.com\/index.php?rest_route=\/wp\/v2\/media\/51470"}],"wp:attachment":[{"href":"https:\/\/www.egemtv.com\/index.php?rest_route=%2Fwp%2Fv2%2Fmedia&parent=51469"}],"wp:term":[{"taxonomy":"category","embeddable":true,"href":"https:\/\/www.egemtv.com\/index.php?rest_route=%2Fwp%2Fv2%2Fcategories&post=51469"},{"taxonomy":"post_tag","embeddable":true,"href":"https:\/\/www.egemtv.com\/index.php?rest_route=%2Fwp%2Fv2%2Ftags&post=51469"}],"curies":[{"name":"wp","href":"https:\/\/api.w.org\/{rel}","templated":true}]}}