{"id":51463,"date":"2025-08-27T10:55:01","date_gmt":"2025-08-27T07:55:01","guid":{"rendered":"https:\/\/www.egemtv.com\/?p=51463"},"modified":"2025-08-27T10:55:03","modified_gmt":"2025-08-27T07:55:03","slug":"manisa-fk-milli-araya-moralli-girmek-istiyor","status":"publish","type":"post","link":"https:\/\/www.egemtv.com\/?p=51463","title":{"rendered":"Manisa FK, milli araya moralli girmek istiyor"},"content":{"rendered":"<p>Manisa Futbol Kul\u00fcb\u00fc, Trendyol 1. Lig 4. hafta ma\u00e7\u0131nda sahas\u0131nda kar\u015f\u0131la\u015faca\u011f\u0131 I\u011fd\u0131r FK ma\u00e7\u0131n\u0131n haz\u0131rl\u0131klar\u0131na ba\u015flad\u0131. Manisa FK Teknik Direkt\u00f6r\u00fc Taner Ta\u015fk\u0131n kar\u015f\u0131la\u015fmadan 3 puanla ayr\u0131larak milli araya moralli girmek istediklerini belirtti.<br \/>\n<br \/>Manisa Futbol Kul\u00fcb\u00fc, Trendyol 1. Lig 4. hafta m\u00fccadelesinde sahas\u0131nda I\u011fd\u0131r Futbol Kul\u00fcb\u00fc ile kar\u015f\u0131la\u015facak. Manisa FK, 30 A\u011fustos Cumartesi ak\u015fam\u0131 saat 21.30\u2019da Manisa 19 May\u0131s Stadyumu\u2019nda oynanacak kar\u015f\u0131la\u015fman\u0131n haz\u0131rl\u0131klar\u0131na ger\u00e7ekle\u015ftirdi\u011fi antrenmanla ba\u015flad\u0131. Teknik Direkt\u00f6r Taner Ta\u015fk\u0131n y\u00f6netiminde ger\u00e7ekle\u015fen antrenmanda \u0130stanbulspor ma\u00e7\u0131nda s\u00fcre alan oyuncular dinlenirken, di\u011fer oyuncular ise \u0131s\u0131nma hareketleri ve pas \u00e7al\u0131\u015fmas\u0131n\u0131n ard\u0131ndan dar alan oyunlar\u0131 oynad\u0131.<br \/>\n<br \/>Ligin ilk 3 ma\u00e7\u0131nda 1 galibiyet 1 beraberlik ve 1 ma\u011flubiyet alarak 4 puan toplayan Manisa FK, kendi evinde oynayaca\u011f\u0131 I\u011fd\u0131r FK ma\u00e7\u0131ndan galibiyetle ayr\u0131lmak istiyor. I\u011fd\u0131r FK ma\u00e7\u0131na \u00e7ok iyi haz\u0131rlan\u0131p milli araya iyi bir durumda girmek istediklerini belirten Teknik Direkt\u00f6r Taner Ta\u015fk\u0131n, &#8220;Sakatl\u0131ktan d\u00f6nen ve aram\u0131za kat\u0131lan yeni oyuncular olacak. Aram\u0131za kat\u0131lacak oyunlar\u0131m\u0131zla birlikte ger\u00e7ek kimli\u011finde oynayan bir Manisa FK\u2019y\u0131 taraftarlar\u0131m\u0131za izlettirmek istiyoruz&#8221; dedi.<br \/>\n<br \/>Manisa Futbol Kul\u00fcb\u00fc, yar\u0131n yapaca\u011f\u0131 antrenmanla I\u011fd\u0131r FK ma\u00e7\u0131n\u0131n haz\u0131rl\u0131klar\u0131n\u0131 s\u00fcrd\u00fcrecek.<br \/><\/p>\n","protected":false},"excerpt":{"rendered":"<p>Manisa Futbol Kul\u00fcb\u00fc, Trendyol 1. Lig 4. hafta ma\u00e7\u0131nda sahas\u0131nda kar\u015f\u0131la\u015faca\u011f\u0131 I\u011fd\u0131r FK ma\u00e7\u0131n\u0131n haz\u0131rl\u0131klar\u0131na ba\u015flad\u0131. Manisa FK Teknik Direkt\u00f6r\u00fc Taner Ta\u015fk\u0131n kar\u015f\u0131la\u015fmadan 3 puanla ayr\u0131larak milli araya moralli girmek istediklerini belirtti. Manisa Futbol Kul\u00fcb\u00fc, Trendyol 1. Lig 4. hafta m\u00fccadelesinde sahas\u0131nda I\u011fd\u0131r Futbol Kul\u00fcb\u00fc ile kar\u015f\u0131la\u015facak. Manisa FK, 30 A\u011fustos Cumartesi ak\u015fam\u0131 saat 21.30\u2019da&#8230;<\/p>\n","protected":false},"author":1,"featured_media":51464,"comment_status":"open","ping_status":"open","sticky":false,"template":"","format":"standard","meta":{"_crdt_document":"","footnotes":""},"categories":[4],"tags":[],"class_list":["post-51463","post","type-post","status-publish","format-standard","has-post-thumbnail","hentry","category-spor"],"_links":{"self":[{"href":"https:\/\/www.egemtv.com\/index.php?rest_route=\/wp\/v2\/posts\/51463","targetHints":{"allow":["GET"]}}],"collection":[{"href":"https:\/\/www.egemtv.com\/index.php?rest_route=\/wp\/v2\/posts"}],"about":[{"href":"https:\/\/www.egemtv.com\/index.php?rest_route=\/wp\/v2\/types\/post"}],"author":[{"embeddable":true,"href":"https:\/\/www.egemtv.com\/index.php?rest_route=\/wp\/v2\/users\/1"}],"replies":[{"embeddable":true,"href":"https:\/\/www.egemtv.com\/index.php?rest_route=%2Fwp%2Fv2%2Fcomments&post=51463"}],"version-history":[{"count":1,"href":"https:\/\/www.egemtv.com\/index.php?rest_route=\/wp\/v2\/posts\/51463\/revisions"}],"predecessor-version":[{"id":51465,"href":"https:\/\/www.egemtv.com\/index.php?rest_route=\/wp\/v2\/posts\/51463\/revisions\/51465"}],"wp:featuredmedia":[{"embeddable":true,"href":"https:\/\/www.egemtv.com\/index.php?rest_route=\/wp\/v2\/media\/51464"}],"wp:attachment":[{"href":"https:\/\/www.egemtv.com\/index.php?rest_route=%2Fwp%2Fv2%2Fmedia&parent=51463"}],"wp:term":[{"taxonomy":"category","embeddable":true,"href":"https:\/\/www.egemtv.com\/index.php?rest_route=%2Fwp%2Fv2%2Fcategories&post=51463"},{"taxonomy":"post_tag","embeddable":true,"href":"https:\/\/www.egemtv.com\/index.php?rest_route=%2Fwp%2Fv2%2Ftags&post=51463"}],"curies":[{"name":"wp","href":"https:\/\/api.w.org\/{rel}","templated":true}]}}