{"id":51445,"date":"2025-08-27T10:36:10","date_gmt":"2025-08-27T07:36:10","guid":{"rendered":"https:\/\/www.egemtv.com\/?p=51445"},"modified":"2025-08-27T10:36:11","modified_gmt":"2025-08-27T07:36:11","slug":"ege-universitesi-ogrencileri-kocatepe-zafer-yuruyusune-katildi","status":"publish","type":"post","link":"https:\/\/www.egemtv.com\/?p=51445","title":{"rendered":"Ege \u00dcniversitesi \u00f6\u011frencileri \u2018Kocatepe Zafer Y\u00fcr\u00fcy\u00fc\u015f\u00fc\u2019ne kat\u0131ld\u0131"},"content":{"rendered":"<p>Ege \u00dcniversitesi (E\u00dc) \u00f6\u011frencileri ve akademisyenlerinden olu\u015fan ekip, B\u00fcy\u00fck Taarruz\u2019un 103. y\u0131l d\u00f6n\u00fcm\u00fc etkinlikleri kapsam\u0131nda Afyonkarahisar\u2019da d\u00fczenlenen &#8220;Kocatepe Zafer Y\u00fcr\u00fcy\u00fc\u015f\u00fc&#8221;ne kat\u0131ld\u0131. E\u00dc Spor Bilimleri Fak\u00fcltesi \u00d6\u011fretim \u00dcyesi Do\u00e7. Dr. Emine Kutlay\u2019\u0131n koordinat\u00f6rl\u00fc\u011f\u00fcndeki Ege \u00dcniversitesi \u00f6\u011frencileri, Y\u00fczba\u015f\u0131 Agah Efendi \u015eehitli\u011fini, B\u00fcy\u00fck Taarruz \u015eehitli\u011fini, \u0130stiklal Tan\u0131t\u0131m Merkezini, \u015euhut il\u00e7esinde bulunan ve Gazi Mustafa Kemal Atat\u00fcrk\u2019\u00fcn B\u00fcy\u00fck Taarruz \u00f6ncesinde kararg\u00e2h olarak kulland\u0131\u011f\u0131 Atat\u00fcrk Evini de ziyaret etti.<br \/>\n<br \/>Ba\u015fkomutanl\u0131k Meydan Muharebesi\u2019nin 103\u2019\u00fcnc\u00fc y\u0131l d\u00f6n\u00fcm\u00fcnde Afyon\u2019a giden Ege \u00dcniversitesi \u00f6\u011frencileri ve akademisyenleri yakla\u015f\u0131k 14 kilometrelik yoldan Kocatepe\u2019ye y\u00fcr\u00fcd\u00fc.  Ege \u00dcniversitesi Rekt\u00f6r\u00fc Prof. Dr. Necdet Budak, &#8220;B\u00fcy\u00fck Taarruz\u2019un 103. y\u0131l d\u00f6n\u00fcm\u00fc vesilesiyle Afyonkarahisar Kocatepe\u2019de ger\u00e7ekle\u015ftirilen Zafer Haftas\u0131 etkinlikleri kapsam\u0131nda, Spor Bilimleri Fak\u00fcltesi \u00f6\u011fretim \u00fcyemiz Do\u00e7. Dr. Emine Kutlay ile \u00f6\u011frencilerimiz, milletimizin ba\u011f\u0131ms\u0131zl\u0131k m\u00fccadelesinde d\u00f6n\u00fcm noktas\u0131 olan B\u00fcy\u00fck Taarruz\u2019un ba\u015flad\u0131\u011f\u0131 noktada d\u00fczenlenen \u2018Kocatepe Zafer Y\u00fcr\u00fcy\u00fc\u015f\u00fc\u2019ne kat\u0131ld\u0131. Tam akreditasyona sahip, \u00f6\u011frenci odakl\u0131, sa\u011fl\u0131k temal\u0131, spor dostu \u00fcnvanl\u0131 bir ara\u015ft\u0131rma \u00fcniversitesi olarak, \u00fclkemizi \u2018muas\u0131r medeniyetler seviyesinin \u00fcst\u00fcne  \u00e7\u0131karmak\u2019 hedefiyle var g\u00fcc\u00fcm\u00fczle \u00e7al\u0131\u015fmaya; bayra\u011f\u0131n\u0131, milletini seven, mill\u00ee ve manev\u00ee de\u011ferlerine ba\u011fl\u0131 d\u00fcnyay\u0131 okuyabilen nesiller yeti\u015ftirmeye devam edece\u011fiz. Bu vesile ile ba\u015fta Cumhuriyetimizin kurucusu Gazi Mustafa Kemal Atat\u00fcrk ve silah arkada\u015flar\u0131 olmak \u00fczere Mill\u00ee M\u00fccadele kahramanlar\u0131m\u0131z\u0131, gazilerimizi ve vatan\u0131m\u0131z u\u011fruna canlar\u0131n\u0131 feda eden \u015fehitlerimizi rahmetle an\u0131yorum&#8221; dedi.<br \/>\n<br \/>E\u00dc Spor Bilimleri Fak\u00fcltesi \u00d6\u011fretim \u00dcyesi Do\u00e7. Dr. Emine Kutlay\u2019\u0131n koordinat\u00f6rl\u00fc\u011f\u00fcndeki  &#8220;Kocatepe Zafer Y\u00fcr\u00fcy\u00fc\u015f\u00fc&#8221;ne; \u00c7\u0131nar Ebil, Selina Boynuyo\u011fun, \u0130rem Kaya, \u0130smail Said Balkan, Fatma Y\u0131lmaz, Ekrem G\u00f6kay Viran, I\u015f\u0131k Ya\u015fdal\u0131, Esin \u015earlan, M\u0131sra Alt\u0131n\u00f6z, Suevin Nur \u00dcrem, Tu\u011fba Ko\u00e7, Samet Y\u0131ld\u0131z\u2019dan olu\u015fan \u00f6\u011frenci grubu kat\u0131ld\u0131.<br \/><\/p>\n","protected":false},"excerpt":{"rendered":"<p>Ege \u00dcniversitesi (E\u00dc) \u00f6\u011frencileri ve akademisyenlerinden olu\u015fan ekip, B\u00fcy\u00fck Taarruz\u2019un 103. y\u0131l d\u00f6n\u00fcm\u00fc etkinlikleri kapsam\u0131nda Afyonkarahisar\u2019da d\u00fczenlenen &#8220;Kocatepe Zafer Y\u00fcr\u00fcy\u00fc\u015f\u00fc&#8221;ne kat\u0131ld\u0131. E\u00dc Spor Bilimleri Fak\u00fcltesi \u00d6\u011fretim \u00dcyesi Do\u00e7. Dr. Emine Kutlay\u2019\u0131n koordinat\u00f6rl\u00fc\u011f\u00fcndeki Ege \u00dcniversitesi \u00f6\u011frencileri, Y\u00fczba\u015f\u0131 Agah Efendi \u015eehitli\u011fini, B\u00fcy\u00fck Taarruz \u015eehitli\u011fini, \u0130stiklal Tan\u0131t\u0131m Merkezini, \u015euhut il\u00e7esinde bulunan ve Gazi Mustafa Kemal Atat\u00fcrk\u2019\u00fcn B\u00fcy\u00fck Taarruz&#8230;<\/p>\n","protected":false},"author":1,"featured_media":51446,"comment_status":"open","ping_status":"open","sticky":false,"template":"","format":"standard","meta":{"_crdt_document":"","footnotes":""},"categories":[1],"tags":[],"class_list":["post-51445","post","type-post","status-publish","format-standard","has-post-thumbnail","hentry","category-guncel"],"_links":{"self":[{"href":"https:\/\/www.egemtv.com\/index.php?rest_route=\/wp\/v2\/posts\/51445","targetHints":{"allow":["GET"]}}],"collection":[{"href":"https:\/\/www.egemtv.com\/index.php?rest_route=\/wp\/v2\/posts"}],"about":[{"href":"https:\/\/www.egemtv.com\/index.php?rest_route=\/wp\/v2\/types\/post"}],"author":[{"embeddable":true,"href":"https:\/\/www.egemtv.com\/index.php?rest_route=\/wp\/v2\/users\/1"}],"replies":[{"embeddable":true,"href":"https:\/\/www.egemtv.com\/index.php?rest_route=%2Fwp%2Fv2%2Fcomments&post=51445"}],"version-history":[{"count":1,"href":"https:\/\/www.egemtv.com\/index.php?rest_route=\/wp\/v2\/posts\/51445\/revisions"}],"predecessor-version":[{"id":51447,"href":"https:\/\/www.egemtv.com\/index.php?rest_route=\/wp\/v2\/posts\/51445\/revisions\/51447"}],"wp:featuredmedia":[{"embeddable":true,"href":"https:\/\/www.egemtv.com\/index.php?rest_route=\/wp\/v2\/media\/51446"}],"wp:attachment":[{"href":"https:\/\/www.egemtv.com\/index.php?rest_route=%2Fwp%2Fv2%2Fmedia&parent=51445"}],"wp:term":[{"taxonomy":"category","embeddable":true,"href":"https:\/\/www.egemtv.com\/index.php?rest_route=%2Fwp%2Fv2%2Fcategories&post=51445"},{"taxonomy":"post_tag","embeddable":true,"href":"https:\/\/www.egemtv.com\/index.php?rest_route=%2Fwp%2Fv2%2Ftags&post=51445"}],"curies":[{"name":"wp","href":"https:\/\/api.w.org\/{rel}","templated":true}]}}