{"id":51442,"date":"2025-08-27T10:15:40","date_gmt":"2025-08-27T07:15:40","guid":{"rendered":"https:\/\/www.egemtv.com\/?p=51442"},"modified":"2025-08-27T10:15:41","modified_gmt":"2025-08-27T07:15:41","slug":"nazilli-belediyesi-altyapi-sonrasi-deforme-olan-yollari-yeniliyor","status":"publish","type":"post","link":"https:\/\/www.egemtv.com\/?p=51442","title":{"rendered":"Nazilli Belediyesi altyap\u0131 sonras\u0131 deforme olan yollar\u0131 yeniliyor"},"content":{"rendered":"<p>Nazilli Belediyesi Fen \u0130\u015fleri M\u00fcd\u00fcrl\u00fc\u011f\u00fc ekipleri; il\u00e7ede y\u00fcr\u00fct\u00fclen altyap\u0131 \u00e7al\u0131\u015fmalar\u0131 nedeniyle bozulan ve kullan\u0131lamaz hale gelen yollar\u0131 yenileme \u00e7al\u0131\u015fmalar\u0131na ba\u015flad\u0131.<\/p>\n<p>Uzun s\u00fcredir devam eden elektrik, su, do\u011falgaz, telefon ve internet altyap\u0131 \u00e7al\u0131\u015fmalar\u0131n\u0131n ard\u0131ndan bozuk olarak b\u0131rak\u0131lan yollar\u0131n vatanda\u015flar\u0131n g\u00fcnl\u00fck ya\u015fam\u0131n\u0131 olumsuz etkiledi\u011fini belirten Nazilli Belediye Ba\u015fkan\u0131 Dr. Ertu\u011frul Tetik, &#8220;Nazillimizde vatanda\u015flar\u0131m\u0131z\u0131n konforlu ve g\u00fcvenli bir \u015fekilde ula\u015f\u0131m sa\u011flayabilmesi i\u00e7in yo\u011fun bir program haz\u0131rlad\u0131k. Fen \u0130\u015fleri M\u00fcd\u00fcrl\u00fc\u011f\u00fcm\u00fcz ekipleri, altyap\u0131s\u0131 tamamlanan b\u00f6lgelerde h\u0131zl\u0131ca yol yenileme ve d\u00fczenleme \u00e7al\u0131\u015fmalar\u0131n\u0131 hayata ge\u00e7iriyor. Bug\u00fcn \u00c7apahasan Mahallemizdeyiz. Haz\u0131rlad\u0131\u011f\u0131m\u0131z plan \u00e7er\u00e7evesinde il\u00e7emizin sokaklar\u0131n\u0131 s\u0131rayla yenilenerek modern ve g\u00fcvenli bir g\u00f6r\u00fcn\u00fcme kavu\u015fturaca\u011f\u0131z&#8221; ifadelerini kulland\u0131.<br \/><\/p>\n","protected":false},"excerpt":{"rendered":"<p>Nazilli Belediyesi Fen \u0130\u015fleri M\u00fcd\u00fcrl\u00fc\u011f\u00fc ekipleri; il\u00e7ede y\u00fcr\u00fct\u00fclen altyap\u0131 \u00e7al\u0131\u015fmalar\u0131 nedeniyle bozulan ve kullan\u0131lamaz hale gelen yollar\u0131 yenileme \u00e7al\u0131\u015fmalar\u0131na ba\u015flad\u0131. Uzun s\u00fcredir devam eden elektrik, su, do\u011falgaz, telefon ve internet altyap\u0131 \u00e7al\u0131\u015fmalar\u0131n\u0131n ard\u0131ndan bozuk olarak b\u0131rak\u0131lan yollar\u0131n vatanda\u015flar\u0131n g\u00fcnl\u00fck ya\u015fam\u0131n\u0131 olumsuz etkiledi\u011fini belirten Nazilli Belediye Ba\u015fkan\u0131 Dr. Ertu\u011frul Tetik, &#8220;Nazillimizde vatanda\u015flar\u0131m\u0131z\u0131n konforlu ve g\u00fcvenli bir&#8230;<\/p>\n","protected":false},"author":1,"featured_media":51443,"comment_status":"open","ping_status":"open","sticky":false,"template":"","format":"standard","meta":{"_crdt_document":"","footnotes":""},"categories":[1],"tags":[],"class_list":["post-51442","post","type-post","status-publish","format-standard","has-post-thumbnail","hentry","category-guncel"],"_links":{"self":[{"href":"https:\/\/www.egemtv.com\/index.php?rest_route=\/wp\/v2\/posts\/51442","targetHints":{"allow":["GET"]}}],"collection":[{"href":"https:\/\/www.egemtv.com\/index.php?rest_route=\/wp\/v2\/posts"}],"about":[{"href":"https:\/\/www.egemtv.com\/index.php?rest_route=\/wp\/v2\/types\/post"}],"author":[{"embeddable":true,"href":"https:\/\/www.egemtv.com\/index.php?rest_route=\/wp\/v2\/users\/1"}],"replies":[{"embeddable":true,"href":"https:\/\/www.egemtv.com\/index.php?rest_route=%2Fwp%2Fv2%2Fcomments&post=51442"}],"version-history":[{"count":1,"href":"https:\/\/www.egemtv.com\/index.php?rest_route=\/wp\/v2\/posts\/51442\/revisions"}],"predecessor-version":[{"id":51444,"href":"https:\/\/www.egemtv.com\/index.php?rest_route=\/wp\/v2\/posts\/51442\/revisions\/51444"}],"wp:featuredmedia":[{"embeddable":true,"href":"https:\/\/www.egemtv.com\/index.php?rest_route=\/wp\/v2\/media\/51443"}],"wp:attachment":[{"href":"https:\/\/www.egemtv.com\/index.php?rest_route=%2Fwp%2Fv2%2Fmedia&parent=51442"}],"wp:term":[{"taxonomy":"category","embeddable":true,"href":"https:\/\/www.egemtv.com\/index.php?rest_route=%2Fwp%2Fv2%2Fcategories&post=51442"},{"taxonomy":"post_tag","embeddable":true,"href":"https:\/\/www.egemtv.com\/index.php?rest_route=%2Fwp%2Fv2%2Ftags&post=51442"}],"curies":[{"name":"wp","href":"https:\/\/api.w.org\/{rel}","templated":true}]}}