{"id":51439,"date":"2025-08-27T10:15:39","date_gmt":"2025-08-27T07:15:39","guid":{"rendered":"https:\/\/www.egemtv.com\/?p=51439"},"modified":"2025-08-27T10:15:40","modified_gmt":"2025-08-27T07:15:40","slug":"tavasin-su-ve-asbestli-boru-sorununa-kalici-cozum-uretiliyor","status":"publish","type":"post","link":"https:\/\/www.egemtv.com\/?p=51439","title":{"rendered":"Tavas\u2019\u0131n su ve asbestli boru sorununa kal\u0131c\u0131 \u00e7\u00f6z\u00fcm \u00fcretiliyor"},"content":{"rendered":"<p>Tavas Belediyesi taraf\u0131ndan, Tavas il\u00e7e merkezinde ekonomik \u00f6mr\u00fcn\u00fc tamamlam\u0131\u015f ve halk sa\u011f\u0131l\u0131\u011f\u0131n\u0131 tehdit eden asbest borular\u0131n yerine daha sa\u011fl\u0131kl\u0131 ve dayan\u0131kl\u0131 modern borular tesis edilecek. Mevsimsel ya\u011f\u0131\u015flar\u0131n azalmas\u0131 ve kurakl\u0131k nedeniyle de ya\u015fan su sorunu ise yeni a\u00e7\u0131lan sondaj kuyusu ile giderilecek.<\/p>\n<p>Tavas il\u00e7e merkezinde kullan\u0131m \u00f6mr\u00fcn\u00fc tamamlam\u0131\u015f ve kullan\u0131m\u0131n\u0131n halk sa\u011fl\u0131\u011f\u0131 i\u00e7in tehdit arz eden asbestli borular\u0131n yerini 13 bin 200 metrelik yeni i\u00e7me suyu hatt\u0131 d\u00f6\u015feniyor. Yenilenen borular ile Tavas\u2019a kesintisiz, sa\u011fl\u0131kl\u0131 ve g\u00fcvenli i\u00e7me suyu sa\u011flanacak. Mevsimsel ya\u011f\u0131\u015flar\u0131n azalmas\u0131 ve kurakl\u0131k nedeniyle mevcut i\u00e7me suyu kaynaklar\u0131n\u0131n debisinin d\u00fc\u015fmesi sonucu susuzluk ya\u015fanmas\u0131 ile ya\u015fanan susuzluk sorununun \u00e7\u00f6z\u00fcm\u00fc i\u00e7in Tavas Belediyesi ekipleri h\u0131zl\u0131ca harekete ge\u00e7ti. \u0130l\u00e7ede kesintisiz su temini sa\u011flamak amac\u0131yla, yeni a\u00e7\u0131lan bir i\u00e7me suyu sondaj\u0131 devreye al\u0131nd\u0131 ve mevcut sondajlar revize edildi. Elde edilen su, T\u00dcRKAK akreditasyonuna sahip DEN\u00c7EV laboratuvarlar\u0131nda analiz edilerek i\u00e7me suyu standartlar\u0131na uygun bulundu.<\/p>\n<p>Asbest borular yerini modern hatlara b\u0131rakacak<br \/>\n<br \/>48 milyon TL\u2019lik dev b\u00fct\u00e7e ile hayata ge\u00e7irilen proje kapsam\u0131nda, 13 bin 200 metre uzunlu\u011funda in\u015fa edilecek i\u00e7me suyu iletim hatt\u0131 arac\u0131l\u0131\u011f\u0131yla Tavas merkezde yer alan Yarenler ve \u00c7ami\u00e7i i\u00e7me suyu depolara ta\u015f\u0131nacak. B\u00f6ylece b\u00f6lge halk\u0131na kesintisiz su temini sa\u011flanacak. Ayr\u0131ca, proje kapsam\u0131nda i\u00e7me suyu iletim g\u00fczergah\u0131nda vatanda\u015f arazisinden ge\u00e7en 5 kilometre uzunlu\u011fundaki sa\u011fl\u0131ks\u0131z asbest borular kullan\u0131m d\u0131\u015f\u0131 b\u0131rak\u0131larak, b\u00f6lge halk\u0131na sa\u011fl\u0131kl\u0131 i\u00e7me suyu ula\u015ft\u0131r\u0131lacak. K\u0131sa s\u00fcre \u00f6nce ba\u015flayan \u00e7al\u0131\u015fmalar, Tavas\u2019\u0131n susuzluk problemine k\u00f6kl\u00fc bir \u00e7\u00f6z\u00fcm getirerek, sa\u011fl\u0131kl\u0131 i\u00e7me suyunu vatanda\u015flarla bulu\u015fturacak.<br \/><\/p>\n","protected":false},"excerpt":{"rendered":"<p>Tavas Belediyesi taraf\u0131ndan, Tavas il\u00e7e merkezinde ekonomik \u00f6mr\u00fcn\u00fc tamamlam\u0131\u015f ve halk sa\u011f\u0131l\u0131\u011f\u0131n\u0131 tehdit eden asbest borular\u0131n yerine daha sa\u011fl\u0131kl\u0131 ve dayan\u0131kl\u0131 modern borular tesis edilecek. Mevsimsel ya\u011f\u0131\u015flar\u0131n azalmas\u0131 ve kurakl\u0131k nedeniyle de ya\u015fan su sorunu ise yeni a\u00e7\u0131lan sondaj kuyusu ile giderilecek. Tavas il\u00e7e merkezinde kullan\u0131m \u00f6mr\u00fcn\u00fc tamamlam\u0131\u015f ve kullan\u0131m\u0131n\u0131n halk sa\u011fl\u0131\u011f\u0131 i\u00e7in tehdit arz&#8230;<\/p>\n","protected":false},"author":1,"featured_media":51440,"comment_status":"open","ping_status":"open","sticky":false,"template":"","format":"standard","meta":{"_crdt_document":"","footnotes":""},"categories":[127],"tags":[],"class_list":["post-51439","post","type-post","status-publish","format-standard","has-post-thumbnail","hentry","category-siyaset"],"_links":{"self":[{"href":"https:\/\/www.egemtv.com\/index.php?rest_route=\/wp\/v2\/posts\/51439","targetHints":{"allow":["GET"]}}],"collection":[{"href":"https:\/\/www.egemtv.com\/index.php?rest_route=\/wp\/v2\/posts"}],"about":[{"href":"https:\/\/www.egemtv.com\/index.php?rest_route=\/wp\/v2\/types\/post"}],"author":[{"embeddable":true,"href":"https:\/\/www.egemtv.com\/index.php?rest_route=\/wp\/v2\/users\/1"}],"replies":[{"embeddable":true,"href":"https:\/\/www.egemtv.com\/index.php?rest_route=%2Fwp%2Fv2%2Fcomments&post=51439"}],"version-history":[{"count":1,"href":"https:\/\/www.egemtv.com\/index.php?rest_route=\/wp\/v2\/posts\/51439\/revisions"}],"predecessor-version":[{"id":51441,"href":"https:\/\/www.egemtv.com\/index.php?rest_route=\/wp\/v2\/posts\/51439\/revisions\/51441"}],"wp:featuredmedia":[{"embeddable":true,"href":"https:\/\/www.egemtv.com\/index.php?rest_route=\/wp\/v2\/media\/51440"}],"wp:attachment":[{"href":"https:\/\/www.egemtv.com\/index.php?rest_route=%2Fwp%2Fv2%2Fmedia&parent=51439"}],"wp:term":[{"taxonomy":"category","embeddable":true,"href":"https:\/\/www.egemtv.com\/index.php?rest_route=%2Fwp%2Fv2%2Fcategories&post=51439"},{"taxonomy":"post_tag","embeddable":true,"href":"https:\/\/www.egemtv.com\/index.php?rest_route=%2Fwp%2Fv2%2Ftags&post=51439"}],"curies":[{"name":"wp","href":"https:\/\/api.w.org\/{rel}","templated":true}]}}