{"id":51436,"date":"2025-08-27T09:55:38","date_gmt":"2025-08-27T06:55:38","guid":{"rendered":"https:\/\/www.egemtv.com\/?p=51436"},"modified":"2025-08-27T09:55:40","modified_gmt":"2025-08-27T06:55:40","slug":"koycegizde-tiyatro-senligi-yapilacak","status":"publish","type":"post","link":"https:\/\/www.egemtv.com\/?p=51436","title":{"rendered":"K\u00f6yce\u011fiz\u2019de tiyatro \u015fenli\u011fi yap\u0131lacak"},"content":{"rendered":"<p>Mu\u011fla\u2019n\u0131n K\u00f6yce\u011fiz il\u00e7esinde 30 A\u011fustos Zafer Bayram\u0131 nedeniyle \u2018Tiyatro \u015eenli\u011fi\u2019 d\u00fczenlenecek.<\/p>\n<p>Tiyatro \u015eenli\u011fi 27 A\u011fustos 2025 tarihinde saat 20.00\u2019da K\u00f6yce\u011fiz Halk E\u011fitim Merkezi Konferans Salonunda ger\u00e7ekle\u015ftirilecek. Tiyatro \u015eenli\u011fi K\u00f6yce\u011fiz Gen\u00e7lik ve Spor \u0130l\u00e7e M\u00fcd\u00fcrl\u00fc\u011f\u00fc Gen\u00e7lik Merkezi taraf\u0131ndan 30 A\u011fustos Zafer Bayram\u0131 etkinlikleri kapsam\u0131nda yap\u0131lacak. Tiyatro \u015eenli\u011finde; Renklerin D\u00fcnyas\u0131, Birli\u011fin Yazd\u0131\u011f\u0131 Destan, Kelo\u011flan Oyuncaklar \u00dclkesinde oyunlar\u0131 sahnelenecek. Yetkililer taraf\u0131ndan; 30 A\u011fustos Zafer Bayram\u0131 etkinlikleri kapsam\u0131nda K\u00f6yce\u011fiz Gen\u00e7lik Merkezi\u2019nin d\u00fczenleyece\u011fi \u2018Tiyatro \u015eenli\u011fi\u2019ne t\u00fcm vatanda\u015flar davet edildi.<br \/><\/p>\n","protected":false},"excerpt":{"rendered":"<p>Mu\u011fla\u2019n\u0131n K\u00f6yce\u011fiz il\u00e7esinde 30 A\u011fustos Zafer Bayram\u0131 nedeniyle \u2018Tiyatro \u015eenli\u011fi\u2019 d\u00fczenlenecek. Tiyatro \u015eenli\u011fi 27 A\u011fustos 2025 tarihinde saat 20.00\u2019da K\u00f6yce\u011fiz Halk E\u011fitim Merkezi Konferans Salonunda ger\u00e7ekle\u015ftirilecek. Tiyatro \u015eenli\u011fi K\u00f6yce\u011fiz Gen\u00e7lik ve Spor \u0130l\u00e7e M\u00fcd\u00fcrl\u00fc\u011f\u00fc Gen\u00e7lik Merkezi taraf\u0131ndan 30 A\u011fustos Zafer Bayram\u0131 etkinlikleri kapsam\u0131nda yap\u0131lacak. Tiyatro \u015eenli\u011finde; Renklerin D\u00fcnyas\u0131, Birli\u011fin Yazd\u0131\u011f\u0131 Destan, Kelo\u011flan Oyuncaklar \u00dclkesinde oyunlar\u0131&#8230;<\/p>\n","protected":false},"author":1,"featured_media":51437,"comment_status":"open","ping_status":"open","sticky":false,"template":"","format":"standard","meta":{"_crdt_document":"","footnotes":""},"categories":[1],"tags":[],"class_list":["post-51436","post","type-post","status-publish","format-standard","has-post-thumbnail","hentry","category-guncel"],"_links":{"self":[{"href":"https:\/\/www.egemtv.com\/index.php?rest_route=\/wp\/v2\/posts\/51436","targetHints":{"allow":["GET"]}}],"collection":[{"href":"https:\/\/www.egemtv.com\/index.php?rest_route=\/wp\/v2\/posts"}],"about":[{"href":"https:\/\/www.egemtv.com\/index.php?rest_route=\/wp\/v2\/types\/post"}],"author":[{"embeddable":true,"href":"https:\/\/www.egemtv.com\/index.php?rest_route=\/wp\/v2\/users\/1"}],"replies":[{"embeddable":true,"href":"https:\/\/www.egemtv.com\/index.php?rest_route=%2Fwp%2Fv2%2Fcomments&post=51436"}],"version-history":[{"count":1,"href":"https:\/\/www.egemtv.com\/index.php?rest_route=\/wp\/v2\/posts\/51436\/revisions"}],"predecessor-version":[{"id":51438,"href":"https:\/\/www.egemtv.com\/index.php?rest_route=\/wp\/v2\/posts\/51436\/revisions\/51438"}],"wp:featuredmedia":[{"embeddable":true,"href":"https:\/\/www.egemtv.com\/index.php?rest_route=\/wp\/v2\/media\/51437"}],"wp:attachment":[{"href":"https:\/\/www.egemtv.com\/index.php?rest_route=%2Fwp%2Fv2%2Fmedia&parent=51436"}],"wp:term":[{"taxonomy":"category","embeddable":true,"href":"https:\/\/www.egemtv.com\/index.php?rest_route=%2Fwp%2Fv2%2Fcategories&post=51436"},{"taxonomy":"post_tag","embeddable":true,"href":"https:\/\/www.egemtv.com\/index.php?rest_route=%2Fwp%2Fv2%2Ftags&post=51436"}],"curies":[{"name":"wp","href":"https:\/\/api.w.org\/{rel}","templated":true}]}}