{"id":51433,"date":"2025-08-27T09:55:38","date_gmt":"2025-08-27T06:55:38","guid":{"rendered":"https:\/\/www.egemtv.com\/?p=51433"},"modified":"2025-08-27T09:55:38","modified_gmt":"2025-08-27T06:55:38","slug":"inatci-filminin-cekildigi-tarihi-tas-kopru-temizleniyor","status":"publish","type":"post","link":"https:\/\/www.egemtv.com\/?p=51433","title":{"rendered":"\u0130nat\u00e7\u0131 filminin \u00e7ekildi\u011fi tarihi ta\u015f k\u00f6pr\u00fc temizleniyor"},"content":{"rendered":"<p>Ayd\u0131n\u2019\u0131n S\u00f6ke il\u00e7esi Sar\u0131kemer b\u00f6lgesinde bulunan ve Kemal Sunal\u2019\u0131n ba\u015frol\u00fcn\u00fc oynad\u0131\u011f\u0131 \u0130nat\u00e7\u0131 filmine de ev sahipli\u011fi yapan tarihi ta\u015f k\u00f6pr\u00fcn\u00fcn arkas\u0131ndaki \u00e7\u00f6pler ve at\u0131klar temizlenmeye ba\u015fland\u0131.<\/p>\n<p>Ayd\u0131n tar\u0131m\u0131n\u0131n can damarlar\u0131ndan olan B\u00fcy\u00fck Menderes Nehri, do\u011fdu\u011fu b\u00f6lgeden denize d\u00f6k\u00fcld\u00fc\u011f\u00fc yere kadar \u00fczerinde yap\u0131lan bir\u00e7ok k\u00f6pr\u00fcye ev sahipli\u011fi yap\u0131yor. Bunlardan birisi de Ayd\u0131n\u2019\u0131n S\u00f6ke il\u00e7esine ba\u011fl\u0131 Sar\u0131kemer\u2019i birbirine ba\u011flayan ve bir zamanlar deve kervanlar\u0131n\u0131n ge\u00e7ti\u011fi tarihi ta\u015f k\u00f6pr\u00fc olarak g\u00f6ze \u00e7arp\u0131yor. 1988 y\u0131l\u0131nda Kemal Sunal\u2019\u0131n ba\u015frol\u00fcn\u00fc oynad\u0131\u011f\u0131 \u0130nat\u00e7\u0131 filminin bir\u00e7ok sahnesine de ev sahipli\u011fi yapan tarihi ta\u015f k\u00f6pr\u00fc, etraf\u0131nda biriken \u00e7\u00f6pler sebebiyle y\u0131k\u0131lma tehdidi ya\u015farken, tarihi k\u00f6pr\u00fc de temizlik \u00e7al\u0131\u015fmalar\u0131 ba\u015flat\u0131ld\u0131.<\/p>\n<p>Ekosistemi Koruma ve Do\u011fa Severler Derne\u011fi (EKODOSD) Ba\u015fkan\u0131 Bahattin S\u00fcr\u00fcc\u00fc, ayn\u0131 sorunun s\u00fcrekli ya\u015fanmamas\u0131 ve tarihi k\u00f6pr\u00fcn\u00fcn korunmas\u0131 ad\u0131na y\u00fczer bariyer yap\u0131lmas\u0131n\u0131 talep ederken, yapt\u0131\u011f\u0131 a\u00e7\u0131klamada &#8220;\u00c7evre sorunlar\u0131 a\u00e7\u0131s\u0131ndan B\u00fcy\u00fck Menderes Nehri\u2019nin en kritik noktalar\u0131ndan biri olan Ayd\u0131n S\u00f6ke\u2019ye ba\u011fl\u0131 Sar\u0131kemer\u2019de iki mahalleyi birbirine ba\u011flayan tarihi Ta\u015fk\u00f6pr\u00fc\u2019n\u00fcn arkas\u0131ndaki \u00e7\u00f6pler ve at\u0131klar temizlenmeye ba\u015fland\u0131. \u015eu anda B\u00fcy\u00fck Menderes Nehri\u2019nde su olmad\u0131\u011f\u0131ndan kep\u00e7e nehrin ortas\u0131na kadar gelerek t\u00fcm at\u0131klar\u0131 d\u0131\u015far\u0131 alabiliyor. Ancak ya\u011fmurlar ba\u015flad\u0131\u011f\u0131nda \u00e7\u00f6pler ve di\u011fer at\u0131k maddeler suyla tekrar gelmeye ba\u015flayacak ve sorun devam edecektir. Bu sorunu \u00f6nlemek i\u00e7in Ta\u015fk\u00f6pr\u00fc\u2019n\u00fcn arka taraf\u0131na mutlaka bir y\u00fczer bariyer sistemi kurulmas\u0131 gerekir. Bariyerde biriken \u00e7\u00f6pler ve at\u0131klar k\u0131y\u0131ya \u00e7ekilerek belediye taraf\u0131ndan bertaraf edilmesi sa\u011flanmal\u0131d\u0131r. \u00c7\u00f6pler Ta\u015fk\u00f6pr\u00fc\u2019den al\u0131nmad\u0131\u011f\u0131nda, yo\u011fun ya\u011fmurlarla h\u0131z\u0131 artan suyla birlikte k\u00f6pr\u00fcy\u00fc a\u015farak denize gitmektedir. D\u00fczenli olarak sudan k\u0131y\u0131ya al\u0131nd\u0131\u011f\u0131nda \u00e7\u00f6plerin gidece\u011fi yer Ku\u015fadas\u0131 Kat\u0131 At\u0131k Toplama Merkezi olacakt\u0131r. S\u00f6ke &#8211; Ku\u015fadas\u0131 ve t\u00fcm mahallelerin \u00e7\u00f6pleri, yaz aylar\u0131ndaki yo\u011fun turizm faaliyetleriyle biriken \u00e7\u00f6pler at\u0131k merkezinin kapasitesini zorlarken, bir de B\u00fcy\u00fck Menderes Nehri\u2019nin \u00e7\u00f6pleri tesisin \u00f6mr\u00fcn\u00fc daha da k\u0131saltacakt\u0131r. Bu durum arazi a\u00e7\u0131s\u0131ndan k\u0131s\u0131tl\u0131 imkanlara sahip Ku\u015fadas\u0131\u2019n\u0131n kalabilen do\u011fal alanlar\u0131nda yeni bir \u00e7\u00f6p toplama merkezi aray\u0131\u015f\u0131na gidilecek ve kentin do\u011fas\u0131 tahrip olacakt\u0131r. B\u00fcy\u00fck Menderes\u2019e at\u0131lan her \u00e7\u00f6p, nehri kirletirken, halk sa\u011fl\u0131\u011f\u0131n\u0131 ve biyolojik \u00e7e\u015fitlili\u011fi olumsuz etkilemekte, ayn\u0131 zamanda uzak mesafedeki Ku\u015fadas\u0131\u2019n\u0131n kat\u0131 at\u0131k merkezinin \u00f6mr\u00fcn\u00fc k\u0131saltmaktad\u0131r. \u00c7\u00f6plerin B\u00fcy\u00fck Menderes Nehri\u2019ne at\u0131lmas\u0131n\u0131n \u00f6n\u00fcne ge\u00e7ilmesi i\u00e7in \u00c7evre \u015eehircilik ve \u0130klim De\u011fi\u015fikli\u011fi \u0130l M\u00fcd\u00fcrl\u00fc\u011f\u00fc\u2019n\u00fcn yerel y\u00f6netimler i\u015fbirli\u011fiyle bir \u00e7al\u0131\u015fma ba\u015flatmas\u0131 \u00e7ok \u00f6nemlidir&#8221; dedi.<br \/><\/p>\n","protected":false},"excerpt":{"rendered":"<p>Ayd\u0131n\u2019\u0131n S\u00f6ke il\u00e7esi Sar\u0131kemer b\u00f6lgesinde bulunan ve Kemal Sunal\u2019\u0131n ba\u015frol\u00fcn\u00fc oynad\u0131\u011f\u0131 \u0130nat\u00e7\u0131 filmine de ev sahipli\u011fi yapan tarihi ta\u015f k\u00f6pr\u00fcn\u00fcn arkas\u0131ndaki \u00e7\u00f6pler ve at\u0131klar temizlenmeye ba\u015fland\u0131. Ayd\u0131n tar\u0131m\u0131n\u0131n can damarlar\u0131ndan olan B\u00fcy\u00fck Menderes Nehri, do\u011fdu\u011fu b\u00f6lgeden denize d\u00f6k\u00fcld\u00fc\u011f\u00fc yere kadar \u00fczerinde yap\u0131lan bir\u00e7ok k\u00f6pr\u00fcye ev sahipli\u011fi yap\u0131yor. Bunlardan birisi de Ayd\u0131n\u2019\u0131n S\u00f6ke il\u00e7esine ba\u011fl\u0131 Sar\u0131kemer\u2019i&#8230;<\/p>\n","protected":false},"author":1,"featured_media":51434,"comment_status":"open","ping_status":"open","sticky":false,"template":"","format":"standard","meta":{"_crdt_document":"","footnotes":""},"categories":[1],"tags":[],"class_list":["post-51433","post","type-post","status-publish","format-standard","has-post-thumbnail","hentry","category-guncel"],"_links":{"self":[{"href":"https:\/\/www.egemtv.com\/index.php?rest_route=\/wp\/v2\/posts\/51433","targetHints":{"allow":["GET"]}}],"collection":[{"href":"https:\/\/www.egemtv.com\/index.php?rest_route=\/wp\/v2\/posts"}],"about":[{"href":"https:\/\/www.egemtv.com\/index.php?rest_route=\/wp\/v2\/types\/post"}],"author":[{"embeddable":true,"href":"https:\/\/www.egemtv.com\/index.php?rest_route=\/wp\/v2\/users\/1"}],"replies":[{"embeddable":true,"href":"https:\/\/www.egemtv.com\/index.php?rest_route=%2Fwp%2Fv2%2Fcomments&post=51433"}],"version-history":[{"count":1,"href":"https:\/\/www.egemtv.com\/index.php?rest_route=\/wp\/v2\/posts\/51433\/revisions"}],"predecessor-version":[{"id":51435,"href":"https:\/\/www.egemtv.com\/index.php?rest_route=\/wp\/v2\/posts\/51433\/revisions\/51435"}],"wp:featuredmedia":[{"embeddable":true,"href":"https:\/\/www.egemtv.com\/index.php?rest_route=\/wp\/v2\/media\/51434"}],"wp:attachment":[{"href":"https:\/\/www.egemtv.com\/index.php?rest_route=%2Fwp%2Fv2%2Fmedia&parent=51433"}],"wp:term":[{"taxonomy":"category","embeddable":true,"href":"https:\/\/www.egemtv.com\/index.php?rest_route=%2Fwp%2Fv2%2Fcategories&post=51433"},{"taxonomy":"post_tag","embeddable":true,"href":"https:\/\/www.egemtv.com\/index.php?rest_route=%2Fwp%2Fv2%2Ftags&post=51433"}],"curies":[{"name":"wp","href":"https:\/\/api.w.org\/{rel}","templated":true}]}}