{"id":51424,"date":"2025-08-27T09:34:54","date_gmt":"2025-08-27T06:34:54","guid":{"rendered":"https:\/\/www.egemtv.com\/?p=51424"},"modified":"2025-08-27T09:34:55","modified_gmt":"2025-08-27T06:34:55","slug":"dunya-tasarim-liderleri-izmirde-bulusacak","status":"publish","type":"post","link":"https:\/\/www.egemtv.com\/?p=51424","title":{"rendered":"D\u00fcnya tasar\u0131m liderleri \u0130zmir\u2019de bulu\u015facak"},"content":{"rendered":"<p>D\u00fcnyan\u0131n \u00f6nde gelen tasar\u0131m ve inovasyon liderleri 17-19 Eyl\u00fcl tarihlerinde \u0130zmir\u2019de bulu\u015facak. Uluslararas\u0131 Tasar\u0131m Odakl\u0131 D\u00fc\u015f\u00fcnme A\u011f\u0131 Senelik Konferans\u0131 (Global Design Thinking Alliance Annual Conference), T\u00fcrkiye\u2019de ilk kez Ya\u015far \u00dcniversitesi ev sahipli\u011finde, \u0130zmir B\u00fcy\u00fck\u015fehir Belediyesi\u2019nin deste\u011fiyle d\u00fczenlenecek.<br \/>\n<br \/>Uluslararas\u0131 Tasar\u0131m Odakl\u0131 D\u00fc\u015f\u00fcnme A\u011f\u0131 Senelik Konferans\u0131, 30\u2019dan fazla \u00fclkeden akademisyenleri, kamu temsilcilerini, \u00f6zel sekt\u00f6r liderlerini ve sivil toplum \u00f6rg\u00fctlerini \u0130zmir\u2019de bulu\u015fturacak. Ya\u015far \u00dcniversitesi\u2019nin ev sahipli\u011fi ve \u0130zmir B\u00fcy\u00fck\u015fehir Belediyesi\u2019nin deste\u011fiyle d\u00fczenlenen konferansta yapay zeka, s\u00fcrd\u00fcr\u00fclebilirlik, toplumsal d\u00f6n\u00fc\u015f\u00fcm ve inovasyonun gelece\u011fi \u00fczerine paneller, at\u00f6lyeler ve deneyim turlar\u0131 yer alacak. D\u00fcnyan\u0131n \u00f6nde gelen \u00fcniversitelerinden ve firmalar\u0131ndan gelecek konu\u015fmac\u0131lar, deneyimlerini T\u00fcrkiye\u2019den kat\u0131l\u0131mc\u0131larla payla\u015farak uzun vadeli i\u015f birliklerinin de kap\u0131s\u0131n\u0131 aralayacak.<\/p>\n<p>\u0130zmir, T\u00fcrkiye ve d\u00fcnya i\u00e7in g\u00fc\u00e7l\u00fc bir bulu\u015fma noktas\u0131<br \/>\n<br \/>Uluslararas\u0131 Tasar\u0131m Odakl\u0131 D\u00fc\u015f\u00fcnme A\u011f\u0131 Senelik Konferans\u0131\u2019n\u0131n T\u00fcrkiye\u2019de ilk kez \u0130zmir\u2019de ger\u00e7ekle\u015fmesi, kentin &#8220;yarat\u0131c\u0131 \u015fehir&#8221; vizyonuna g\u00fc\u00e7 katarken, gen\u00e7ler ve profesyoneller i\u00e7in de gelece\u011fe ilham veren bir platform sunacak.<br \/>\n<br \/>Uluslararas\u0131 Tasar\u0131m Odakl\u0131 D\u00fc\u015f\u00fcnme A\u011f\u0131 Senelik Konferans\u0131 Koordinat\u00f6r\u00fc ve Ya\u015far \u00dcniversitesi Tasar\u0131m Uygulama ve Ara\u015ft\u0131rma Merkezi(Y\u00dcTAM) ad\u0131na etkinli\u011fin \u00f6nemini payla\u015fan Dr. \u00d6\u011fretim G\u00f6revlisi Can G\u00fcvenir \u015funlar\u0131 s\u00f6yledi: &#8220;Bu y\u0131lki konferans\u0131n ana temas\u0131: \u2018\u0130yilik i\u00e7in Tasar\u0131m Odakl\u0131 D\u00fc\u015f\u00fcnme\u2019. D\u00fcnyan\u0131n d\u00f6rt bir yan\u0131ndan gelen akademisyenleri, i\u015f d\u00fcnyas\u0131 liderlerini ve yarat\u0131c\u0131 topluluklar\u0131 ayn\u0131 masada bir araya getiriyoruz. Amac\u0131m\u0131z yaln\u0131zca inovasyonu konu\u015fmak de\u011fil; toplumsal, \u00e7evresel ve k\u00fclt\u00fcrel de\u011ferlerimizi g\u00f6zeterek daha iyi bir gelecek i\u00e7in ortak ak\u0131l \u00fcretmek. \u0130zmir\u2019in bu s\u00fcre\u00e7te ev sahipli\u011fi yapmas\u0131 da kenti, iyili\u011fin ve d\u00f6n\u00fc\u015f\u00fcm\u00fcn k\u00fcresel bulu\u015fma noktas\u0131 haline getiriyor.&#8221;<\/p>\n<p>Tasar\u0131m odakl\u0131 d\u00fc\u015f\u00fcnme (des\u0131gn th\u0131nk\u0131ng) nedir?<br \/>\n<br \/>Tasar\u0131m Odakl\u0131 D\u00fc\u015f\u00fcnme, kullan\u0131c\u0131 odakl\u0131l\u0131k, yarat\u0131c\u0131l\u0131k ve i\u015f birli\u011fini merkezine alan bir problem \u00e7\u00f6zme yakla\u015f\u0131m\u0131. Bug\u00fcn d\u00fcnyan\u0131n en yenilik\u00e7i \u015firketleri ve kurumlar\u0131, toplumsal sorunlardan teknolojiye kadar farkl\u0131 alanlarda etkili \u00e7\u00f6z\u00fcmler \u00fcretmek i\u00e7in bu y\u00f6ntemi benimsiyor. E\u011fitimden sa\u011fl\u0131\u011fa, \u015fehircilikten sanayiye kadar geni\u015f bir yelpazede etki olu\u015fturan Tasar\u0131m Odakl\u0131 D\u00fc\u015f\u00fcnme hem kurumlar\u0131n d\u00f6n\u00fc\u015f\u00fcm\u00fcne hem de toplumsal faydaya katk\u0131 sa\u011flamay\u0131 ama\u00e7l\u0131yor.<br \/><\/p>\n","protected":false},"excerpt":{"rendered":"<p>D\u00fcnyan\u0131n \u00f6nde gelen tasar\u0131m ve inovasyon liderleri 17-19 Eyl\u00fcl tarihlerinde \u0130zmir\u2019de bulu\u015facak. Uluslararas\u0131 Tasar\u0131m Odakl\u0131 D\u00fc\u015f\u00fcnme A\u011f\u0131 Senelik Konferans\u0131 (Global Design Thinking Alliance Annual Conference), T\u00fcrkiye\u2019de ilk kez Ya\u015far \u00dcniversitesi ev sahipli\u011finde, \u0130zmir B\u00fcy\u00fck\u015fehir Belediyesi\u2019nin deste\u011fiyle d\u00fczenlenecek. Uluslararas\u0131 Tasar\u0131m Odakl\u0131 D\u00fc\u015f\u00fcnme A\u011f\u0131 Senelik Konferans\u0131, 30\u2019dan fazla \u00fclkeden akademisyenleri, kamu temsilcilerini, \u00f6zel sekt\u00f6r liderlerini ve sivil&#8230;<\/p>\n","protected":false},"author":1,"featured_media":51425,"comment_status":"open","ping_status":"open","sticky":false,"template":"","format":"standard","meta":{"_crdt_document":"","footnotes":""},"categories":[1],"tags":[],"class_list":["post-51424","post","type-post","status-publish","format-standard","has-post-thumbnail","hentry","category-guncel"],"_links":{"self":[{"href":"https:\/\/www.egemtv.com\/index.php?rest_route=\/wp\/v2\/posts\/51424","targetHints":{"allow":["GET"]}}],"collection":[{"href":"https:\/\/www.egemtv.com\/index.php?rest_route=\/wp\/v2\/posts"}],"about":[{"href":"https:\/\/www.egemtv.com\/index.php?rest_route=\/wp\/v2\/types\/post"}],"author":[{"embeddable":true,"href":"https:\/\/www.egemtv.com\/index.php?rest_route=\/wp\/v2\/users\/1"}],"replies":[{"embeddable":true,"href":"https:\/\/www.egemtv.com\/index.php?rest_route=%2Fwp%2Fv2%2Fcomments&post=51424"}],"version-history":[{"count":1,"href":"https:\/\/www.egemtv.com\/index.php?rest_route=\/wp\/v2\/posts\/51424\/revisions"}],"predecessor-version":[{"id":51426,"href":"https:\/\/www.egemtv.com\/index.php?rest_route=\/wp\/v2\/posts\/51424\/revisions\/51426"}],"wp:featuredmedia":[{"embeddable":true,"href":"https:\/\/www.egemtv.com\/index.php?rest_route=\/wp\/v2\/media\/51425"}],"wp:attachment":[{"href":"https:\/\/www.egemtv.com\/index.php?rest_route=%2Fwp%2Fv2%2Fmedia&parent=51424"}],"wp:term":[{"taxonomy":"category","embeddable":true,"href":"https:\/\/www.egemtv.com\/index.php?rest_route=%2Fwp%2Fv2%2Fcategories&post=51424"},{"taxonomy":"post_tag","embeddable":true,"href":"https:\/\/www.egemtv.com\/index.php?rest_route=%2Fwp%2Fv2%2Ftags&post=51424"}],"curies":[{"name":"wp","href":"https:\/\/api.w.org\/{rel}","templated":true}]}}