{"id":51421,"date":"2025-08-27T09:34:53","date_gmt":"2025-08-27T06:34:53","guid":{"rendered":"https:\/\/www.egemtv.com\/?p=51421"},"modified":"2025-08-27T09:34:54","modified_gmt":"2025-08-27T06:34:54","slug":"koycegiz-devlet-hastanesi-bashekimlik-gorevine-kolcuoglu-getirildi","status":"publish","type":"post","link":"https:\/\/www.egemtv.com\/?p=51421","title":{"rendered":"K\u00f6yce\u011fiz Devlet Hastanesi Ba\u015fhekimlik g\u00f6revine Kolcuo\u011flu getirildi"},"content":{"rendered":"<p>Mu\u011fla\u2019n\u0131n K\u00f6yce\u011fiz il\u00e7esi Devlet Hastanesi\u2019nde bir s\u00fcredir bo\u015f olan ba\u015fhekimlik g\u00f6revine Op. Dr. S\u00fcreyya Kolcuo\u011flu getirildi.<br \/>\n<br \/>Mu\u011fla S\u0131tk\u0131 Ko\u00e7man \u00dcniversitesi Ara\u015ft\u0131rma Hastanesi\u2019nde 2010 y\u0131l\u0131ndan beri Ba\u015fhekim Yard\u0131mc\u0131s\u0131 olarak g\u00f6rev yapmakta iken Ortopedi ve Travmatoloji Uzman Operat\u00f6r Doktor S\u00fcreyya Kolcuo\u011flu K\u00f6yce\u011fiz Devlet Hastanesi\u2019ne Ba\u015fhekim olarak atand\u0131. Vatanda\u015flar, aslen Mu\u011flal\u0131 olan 32 y\u0131ll\u0131k doktor ba\u015fhekim Kolcuo\u011flu\u2019na g\u00f6revinde ba\u015far\u0131lar dile\u011finde bulundu.<br \/><\/p>\n","protected":false},"excerpt":{"rendered":"<p>Mu\u011fla\u2019n\u0131n K\u00f6yce\u011fiz il\u00e7esi Devlet Hastanesi\u2019nde bir s\u00fcredir bo\u015f olan ba\u015fhekimlik g\u00f6revine Op. Dr. S\u00fcreyya Kolcuo\u011flu getirildi. Mu\u011fla S\u0131tk\u0131 Ko\u00e7man \u00dcniversitesi Ara\u015ft\u0131rma Hastanesi\u2019nde 2010 y\u0131l\u0131ndan beri Ba\u015fhekim Yard\u0131mc\u0131s\u0131 olarak g\u00f6rev yapmakta iken Ortopedi ve Travmatoloji Uzman Operat\u00f6r Doktor S\u00fcreyya Kolcuo\u011flu K\u00f6yce\u011fiz Devlet Hastanesi\u2019ne Ba\u015fhekim olarak atand\u0131. Vatanda\u015flar, aslen Mu\u011flal\u0131 olan 32 y\u0131ll\u0131k doktor ba\u015fhekim Kolcuo\u011flu\u2019na g\u00f6revinde&#8230;<\/p>\n","protected":false},"author":1,"featured_media":51422,"comment_status":"open","ping_status":"open","sticky":false,"template":"","format":"standard","meta":{"_crdt_document":"","footnotes":""},"categories":[2],"tags":[],"class_list":["post-51421","post","type-post","status-publish","format-standard","has-post-thumbnail","hentry","category-saglik"],"_links":{"self":[{"href":"https:\/\/www.egemtv.com\/index.php?rest_route=\/wp\/v2\/posts\/51421","targetHints":{"allow":["GET"]}}],"collection":[{"href":"https:\/\/www.egemtv.com\/index.php?rest_route=\/wp\/v2\/posts"}],"about":[{"href":"https:\/\/www.egemtv.com\/index.php?rest_route=\/wp\/v2\/types\/post"}],"author":[{"embeddable":true,"href":"https:\/\/www.egemtv.com\/index.php?rest_route=\/wp\/v2\/users\/1"}],"replies":[{"embeddable":true,"href":"https:\/\/www.egemtv.com\/index.php?rest_route=%2Fwp%2Fv2%2Fcomments&post=51421"}],"version-history":[{"count":1,"href":"https:\/\/www.egemtv.com\/index.php?rest_route=\/wp\/v2\/posts\/51421\/revisions"}],"predecessor-version":[{"id":51423,"href":"https:\/\/www.egemtv.com\/index.php?rest_route=\/wp\/v2\/posts\/51421\/revisions\/51423"}],"wp:featuredmedia":[{"embeddable":true,"href":"https:\/\/www.egemtv.com\/index.php?rest_route=\/wp\/v2\/media\/51422"}],"wp:attachment":[{"href":"https:\/\/www.egemtv.com\/index.php?rest_route=%2Fwp%2Fv2%2Fmedia&parent=51421"}],"wp:term":[{"taxonomy":"category","embeddable":true,"href":"https:\/\/www.egemtv.com\/index.php?rest_route=%2Fwp%2Fv2%2Fcategories&post=51421"},{"taxonomy":"post_tag","embeddable":true,"href":"https:\/\/www.egemtv.com\/index.php?rest_route=%2Fwp%2Fv2%2Ftags&post=51421"}],"curies":[{"name":"wp","href":"https:\/\/api.w.org\/{rel}","templated":true}]}}