{"id":51418,"date":"2025-08-27T09:14:48","date_gmt":"2025-08-27T06:14:48","guid":{"rendered":"https:\/\/www.egemtv.com\/?p=51418"},"modified":"2025-08-27T09:14:49","modified_gmt":"2025-08-27T06:14:49","slug":"dsinin-karareis-barajini-devreye-almasiyla-cesmedeki-su-kesintileri-sona-erdi","status":"publish","type":"post","link":"https:\/\/www.egemtv.com\/?p=51418","title":{"rendered":"DS\u0130\u2019nin Karareis Baraj\u0131\u2019n\u0131 devreye almas\u0131yla \u00c7e\u015fme\u2019deki su kesintileri sona erdi"},"content":{"rendered":"<p>Devlet Su \u0130\u015fleri (DS\u0130) taraf\u0131ndan ge\u00e7ti\u011fimiz haftalarda devreye al\u0131nan Karareis Baraj\u0131\u2019ndaki suyun i\u00e7me suyu da\u011f\u0131t\u0131m \u015febekesine verilmesi \u00fczerine \u00c7e\u015fme\u2019deki zorunlu su kesintileri sona erdi.<br \/>\n<br \/>\u0130zmir Su ve Kanalizasyon \u0130daresi Genel M\u00fcd\u00fcrl\u00fc\u011f\u00fc (\u0130ZSU), \u00c7e\u015fme\u2019deki zorunlu kesintiler ile ilgili sosyal medya \u00fczerinden a\u00e7\u0131klama yapt\u0131. A\u00e7\u0131klamada, \u00c7e\u015fme\u2019de su ihtiyac\u0131n\u0131 kar\u015f\u0131layan Kutlu Akta\u015f Baraj\u0131\u2019nda su rezervinin y\u00fczde 5\u2019in alt\u0131na d\u00fc\u015fmesi sebebiyle b\u00f6lgede uzun vadede suya eri\u015fimi g\u00fcvence alt\u0131na almak i\u00e7in 25 Temmuz itibar\u0131yla belirlenen saatlerde zorunlu su kesintisi uygulanmas\u0131na ge\u00e7ildi\u011fi hat\u0131rlat\u0131ld\u0131. A\u00e7\u0131klamada, \u015fu ifadeler yer ald\u0131:<br \/>\n<br \/>&#8220;Devlet Su \u0130\u015fleri 2. B\u00f6lge M\u00fcd\u00fcrl\u00fc\u011f\u00fc\u2019nce devreye al\u0131nan Karareis \u0130\u00e7me Suyu Ar\u0131tma Tesisi\u2019nde 2\u2019nci a\u015fama performans test i\u015flemlerine ba\u015flanmas\u0131 ve tesis \u00e7\u0131k\u0131\u015f suyu kalitesinin mevzuat kapsam\u0131nda uygunlu\u011funun teyidi \u00fczerine 23 A\u011fustos itibar\u0131yla da i\u00e7me suyu iletim sistemine verilmeye ba\u015flanm\u0131\u015ft\u0131. \u0130daremiz ekiplerince tesisten gelen suyun dezenfeksiyon ve bas\u0131n\u00e7 entegrasyon test i\u015flemleri 24 A\u011fustos tarihinde sonu\u00e7land\u0131r\u0131larak il\u00e7emizin i\u00e7me suyu da\u011f\u0131t\u0131m \u015fubesine verilmeye ba\u015flam\u0131\u015ft\u0131r. Bu kapsamda 24 A\u011fustos saat 23.00 itibar\u0131yla su kesintisi yap\u0131lmay\u0131p, \u015febeke sisteminin dengelenmesi sa\u011flanm\u0131\u015f ve \u00c7e\u015fme il\u00e7emizde zorunlu su kesintisi uygulanmas\u0131 sonland\u0131r\u0131lm\u0131\u015ft\u0131r.&#8221;<br \/>\n<br \/>1 A\u011fustos\u2019tan bu yana \u00c7e\u015fme\u2019de g\u00fcnl\u00fck 10 saatlik zorunlu kesintileri uygulan\u0131yordu. DS\u0130 Genel M\u00fcd\u00fcrl\u00fc\u011f\u00fcn\u00fcn 1,7 milyar lira yat\u0131r\u0131mla hayata ge\u00e7irdi\u011fi Karareis Baraj\u0131 ve Salman Baraj\u0131 Ortak Deposu, \u0130letim Hatt\u0131 ve Ar\u0131tma Tesisi Projesi 9 A\u011fustos\u2019ta hizmete al\u0131nm\u0131\u015ft\u0131.<br \/><\/p>\n","protected":false},"excerpt":{"rendered":"<p>Devlet Su \u0130\u015fleri (DS\u0130) taraf\u0131ndan ge\u00e7ti\u011fimiz haftalarda devreye al\u0131nan Karareis Baraj\u0131\u2019ndaki suyun i\u00e7me suyu da\u011f\u0131t\u0131m \u015febekesine verilmesi \u00fczerine \u00c7e\u015fme\u2019deki zorunlu su kesintileri sona erdi. \u0130zmir Su ve Kanalizasyon \u0130daresi Genel M\u00fcd\u00fcrl\u00fc\u011f\u00fc (\u0130ZSU), \u00c7e\u015fme\u2019deki zorunlu kesintiler ile ilgili sosyal medya \u00fczerinden a\u00e7\u0131klama yapt\u0131. A\u00e7\u0131klamada, \u00c7e\u015fme\u2019de su ihtiyac\u0131n\u0131 kar\u015f\u0131layan Kutlu Akta\u015f Baraj\u0131\u2019nda su rezervinin y\u00fczde 5\u2019in alt\u0131na&#8230;<\/p>\n","protected":false},"author":1,"featured_media":51419,"comment_status":"open","ping_status":"open","sticky":false,"template":"","format":"standard","meta":{"_crdt_document":"","footnotes":""},"categories":[1],"tags":[],"class_list":["post-51418","post","type-post","status-publish","format-standard","has-post-thumbnail","hentry","category-guncel"],"_links":{"self":[{"href":"https:\/\/www.egemtv.com\/index.php?rest_route=\/wp\/v2\/posts\/51418","targetHints":{"allow":["GET"]}}],"collection":[{"href":"https:\/\/www.egemtv.com\/index.php?rest_route=\/wp\/v2\/posts"}],"about":[{"href":"https:\/\/www.egemtv.com\/index.php?rest_route=\/wp\/v2\/types\/post"}],"author":[{"embeddable":true,"href":"https:\/\/www.egemtv.com\/index.php?rest_route=\/wp\/v2\/users\/1"}],"replies":[{"embeddable":true,"href":"https:\/\/www.egemtv.com\/index.php?rest_route=%2Fwp%2Fv2%2Fcomments&post=51418"}],"version-history":[{"count":1,"href":"https:\/\/www.egemtv.com\/index.php?rest_route=\/wp\/v2\/posts\/51418\/revisions"}],"predecessor-version":[{"id":51420,"href":"https:\/\/www.egemtv.com\/index.php?rest_route=\/wp\/v2\/posts\/51418\/revisions\/51420"}],"wp:featuredmedia":[{"embeddable":true,"href":"https:\/\/www.egemtv.com\/index.php?rest_route=\/wp\/v2\/media\/51419"}],"wp:attachment":[{"href":"https:\/\/www.egemtv.com\/index.php?rest_route=%2Fwp%2Fv2%2Fmedia&parent=51418"}],"wp:term":[{"taxonomy":"category","embeddable":true,"href":"https:\/\/www.egemtv.com\/index.php?rest_route=%2Fwp%2Fv2%2Fcategories&post=51418"},{"taxonomy":"post_tag","embeddable":true,"href":"https:\/\/www.egemtv.com\/index.php?rest_route=%2Fwp%2Fv2%2Ftags&post=51418"}],"curies":[{"name":"wp","href":"https:\/\/api.w.org\/{rel}","templated":true}]}}