{"id":51415,"date":"2025-08-27T01:14:29","date_gmt":"2025-08-26T22:14:29","guid":{"rendered":"https:\/\/www.egemtv.com\/?p=51415"},"modified":"2025-08-27T01:14:29","modified_gmt":"2025-08-26T22:14:29","slug":"rampadan-kayan-cop-konteynerini-aracla-carpmadan-son-anda-durdurdu","status":"publish","type":"post","link":"https:\/\/www.egemtv.com\/?p=51415","title":{"rendered":"Rampadan kayan \u00e7\u00f6p konteynerini ara\u00e7la \u00e7arpmadan son anda durdurdu"},"content":{"rendered":"<p>Mu\u011fla\u2019n\u0131n Yata\u011fan il\u00e7esinde rampadan h\u0131zla kayan \u00e7\u00f6p konteynerini fark eden Ferhat Berbero\u011flu, ko\u015farak m\u00fcdahale etti ve konteyneri park halindeki ara\u00e7lara \u00e7arpmadan durdurmay\u0131 ba\u015fard\u0131.<br \/>\n<br \/>Olay, Yata\u011fan il\u00e7esi Konak Mahallesi Atat\u00fcrk Caddesi \u00fczerinde meydana geldi. Edinilen bilgiye g\u00f6re belediye binas\u0131 \u00f6n\u00fcnde bulunan \u00e7\u00f6p konteyneri, hen\u00fcz bilinmeyen bir nedenle bir anda yoku\u015f a\u015fa\u011f\u0131ya kaymaya ba\u015flad\u0131. Rampadan h\u0131zla kayan konteyneri fark eden b\u00f6lgedeki Ferhat Berbero\u011flu isimli vatanda\u015f, durdurmak i\u00e7in ko\u015ftu. Konteyneri son anda park halindeki ara\u00e7lara \u00e7arpmadan durduran Berbero\u011flu, muhtemel bir facian\u0131n ya\u015fanmas\u0131n\u0131 \u00f6nledi. Olay an\u0131 ise anbean g\u00fcvenlik kameralar\u0131na yans\u0131d\u0131. G\u00f6r\u00fcnt\u00fclerde, konteynerin rampadan a\u015fa\u011f\u0131ya kaymas\u0131 ve Berbero\u011flu\u2019nun ko\u015farak m\u00fcdahale etmesi yer ald\u0131.<br \/>\n<br \/>Berbero\u011flu\u2019nun dikkati sayesinde olayda can ve mal kayb\u0131 ya\u015fanmazken, vatanda\u015flar Berbero\u011flu\u2019nu tebrik etti.<br \/><\/p>\n","protected":false},"excerpt":{"rendered":"<p>Mu\u011fla\u2019n\u0131n Yata\u011fan il\u00e7esinde rampadan h\u0131zla kayan \u00e7\u00f6p konteynerini fark eden Ferhat Berbero\u011flu, ko\u015farak m\u00fcdahale etti ve konteyneri park halindeki ara\u00e7lara \u00e7arpmadan durdurmay\u0131 ba\u015fard\u0131. Olay, Yata\u011fan il\u00e7esi Konak Mahallesi Atat\u00fcrk Caddesi \u00fczerinde meydana geldi. Edinilen bilgiye g\u00f6re belediye binas\u0131 \u00f6n\u00fcnde bulunan \u00e7\u00f6p konteyneri, hen\u00fcz bilinmeyen bir nedenle bir anda yoku\u015f a\u015fa\u011f\u0131ya kaymaya ba\u015flad\u0131. Rampadan h\u0131zla kayan&#8230;<\/p>\n","protected":false},"author":1,"featured_media":51416,"comment_status":"open","ping_status":"open","sticky":false,"template":"","format":"standard","meta":{"_crdt_document":"","footnotes":""},"categories":[5],"tags":[],"class_list":["post-51415","post","type-post","status-publish","format-standard","has-post-thumbnail","hentry","category-asayis"],"_links":{"self":[{"href":"https:\/\/www.egemtv.com\/index.php?rest_route=\/wp\/v2\/posts\/51415","targetHints":{"allow":["GET"]}}],"collection":[{"href":"https:\/\/www.egemtv.com\/index.php?rest_route=\/wp\/v2\/posts"}],"about":[{"href":"https:\/\/www.egemtv.com\/index.php?rest_route=\/wp\/v2\/types\/post"}],"author":[{"embeddable":true,"href":"https:\/\/www.egemtv.com\/index.php?rest_route=\/wp\/v2\/users\/1"}],"replies":[{"embeddable":true,"href":"https:\/\/www.egemtv.com\/index.php?rest_route=%2Fwp%2Fv2%2Fcomments&post=51415"}],"version-history":[{"count":1,"href":"https:\/\/www.egemtv.com\/index.php?rest_route=\/wp\/v2\/posts\/51415\/revisions"}],"predecessor-version":[{"id":51417,"href":"https:\/\/www.egemtv.com\/index.php?rest_route=\/wp\/v2\/posts\/51415\/revisions\/51417"}],"wp:featuredmedia":[{"embeddable":true,"href":"https:\/\/www.egemtv.com\/index.php?rest_route=\/wp\/v2\/media\/51416"}],"wp:attachment":[{"href":"https:\/\/www.egemtv.com\/index.php?rest_route=%2Fwp%2Fv2%2Fmedia&parent=51415"}],"wp:term":[{"taxonomy":"category","embeddable":true,"href":"https:\/\/www.egemtv.com\/index.php?rest_route=%2Fwp%2Fv2%2Fcategories&post=51415"},{"taxonomy":"post_tag","embeddable":true,"href":"https:\/\/www.egemtv.com\/index.php?rest_route=%2Fwp%2Fv2%2Ftags&post=51415"}],"curies":[{"name":"wp","href":"https:\/\/api.w.org\/{rel}","templated":true}]}}