{"id":51412,"date":"2025-08-26T23:14:47","date_gmt":"2025-08-26T20:14:47","guid":{"rendered":"https:\/\/www.egemtv.com\/?p=51412"},"modified":"2025-08-26T23:14:48","modified_gmt":"2025-08-26T20:14:48","slug":"manisada-evini-yakmaya-calisan-sahis-gozaltina-alindi","status":"publish","type":"post","link":"https:\/\/www.egemtv.com\/?p=51412","title":{"rendered":"Manisa\u2019da evini yakmaya \u00e7al\u0131\u015fan \u015fah\u0131s g\u00f6zalt\u0131na al\u0131nd\u0131"},"content":{"rendered":"<p>Manisa\u2019n\u0131n Turgutlu il\u00e7esinde psikolojik sorunlar\u0131 oldu\u011fu \u00f6ne s\u00fcr\u00fclen bir ki\u015fi, ya\u015fad\u0131\u011f\u0131 evi ate\u015fe verdi. Yang\u0131n b\u00fcy\u00fcmeden s\u00f6nd\u00fcr\u00fcl\u00fcrken, polis ekipleri \u015fahs\u0131 g\u00f6zalt\u0131na ald\u0131.<br \/>\n<br \/>Olay, Turgutlu il\u00e7esi Cumhuriyet Mahallesi Cumhuriyet Caddesi\u2019nde ayn\u0131 zamanda ofis olarak kullan\u0131lan bir evde meydana geldi. \u0130ddiaya g\u00f6re, psikolojik sorunlar\u0131 oldu\u011fu \u00f6ne s\u00fcr\u00fclen A.\u00d6. isimli \u015fah\u0131s evini ate\u015fe verdi. Durumu fark eden vatanda\u015flar\u0131n ihbar\u0131 \u00fczerine adrese itfaiye ve polis ekipleri sevk edildi. \u0130tfaiye ekiplerinin zaman\u0131nda m\u00fcdahalesiyle yang\u0131n b\u00fcy\u00fcmeden s\u00f6nd\u00fcr\u00fcl\u00fcrken, polis ekipleri A.\u00d6.\u2019y\u00fc g\u00f6zalt\u0131na ald\u0131.<br \/>\n<br \/>\u015eahs\u0131n daha \u00f6nce de kom\u015fular\u0131 ve ev sahiplerine k\u00f6t\u00fc ifadeler kulland\u0131\u011f\u0131, bu nedenle \u00e7evrede tedirginlik olu\u015fturdu\u011fu \u00f6\u011frenildi. Olayla ilgili soru\u015fturma ba\u015flat\u0131ld\u0131.<br \/><\/p>\n","protected":false},"excerpt":{"rendered":"<p>Manisa\u2019n\u0131n Turgutlu il\u00e7esinde psikolojik sorunlar\u0131 oldu\u011fu \u00f6ne s\u00fcr\u00fclen bir ki\u015fi, ya\u015fad\u0131\u011f\u0131 evi ate\u015fe verdi. Yang\u0131n b\u00fcy\u00fcmeden s\u00f6nd\u00fcr\u00fcl\u00fcrken, polis ekipleri \u015fahs\u0131 g\u00f6zalt\u0131na ald\u0131. Olay, Turgutlu il\u00e7esi Cumhuriyet Mahallesi Cumhuriyet Caddesi\u2019nde ayn\u0131 zamanda ofis olarak kullan\u0131lan bir evde meydana geldi. \u0130ddiaya g\u00f6re, psikolojik sorunlar\u0131 oldu\u011fu \u00f6ne s\u00fcr\u00fclen A.\u00d6. isimli \u015fah\u0131s evini ate\u015fe verdi. Durumu fark eden vatanda\u015flar\u0131n&#8230;<\/p>\n","protected":false},"author":1,"featured_media":51413,"comment_status":"open","ping_status":"open","sticky":false,"template":"","format":"standard","meta":{"_crdt_document":"","footnotes":""},"categories":[5],"tags":[],"class_list":["post-51412","post","type-post","status-publish","format-standard","has-post-thumbnail","hentry","category-asayis"],"_links":{"self":[{"href":"https:\/\/www.egemtv.com\/index.php?rest_route=\/wp\/v2\/posts\/51412","targetHints":{"allow":["GET"]}}],"collection":[{"href":"https:\/\/www.egemtv.com\/index.php?rest_route=\/wp\/v2\/posts"}],"about":[{"href":"https:\/\/www.egemtv.com\/index.php?rest_route=\/wp\/v2\/types\/post"}],"author":[{"embeddable":true,"href":"https:\/\/www.egemtv.com\/index.php?rest_route=\/wp\/v2\/users\/1"}],"replies":[{"embeddable":true,"href":"https:\/\/www.egemtv.com\/index.php?rest_route=%2Fwp%2Fv2%2Fcomments&post=51412"}],"version-history":[{"count":1,"href":"https:\/\/www.egemtv.com\/index.php?rest_route=\/wp\/v2\/posts\/51412\/revisions"}],"predecessor-version":[{"id":51414,"href":"https:\/\/www.egemtv.com\/index.php?rest_route=\/wp\/v2\/posts\/51412\/revisions\/51414"}],"wp:featuredmedia":[{"embeddable":true,"href":"https:\/\/www.egemtv.com\/index.php?rest_route=\/wp\/v2\/media\/51413"}],"wp:attachment":[{"href":"https:\/\/www.egemtv.com\/index.php?rest_route=%2Fwp%2Fv2%2Fmedia&parent=51412"}],"wp:term":[{"taxonomy":"category","embeddable":true,"href":"https:\/\/www.egemtv.com\/index.php?rest_route=%2Fwp%2Fv2%2Fcategories&post=51412"},{"taxonomy":"post_tag","embeddable":true,"href":"https:\/\/www.egemtv.com\/index.php?rest_route=%2Fwp%2Fv2%2Ftags&post=51412"}],"curies":[{"name":"wp","href":"https:\/\/api.w.org\/{rel}","templated":true}]}}