{"id":51409,"date":"2025-08-26T23:14:46","date_gmt":"2025-08-26T20:14:46","guid":{"rendered":"https:\/\/www.egemtv.com\/?p=51409"},"modified":"2025-08-26T23:14:47","modified_gmt":"2025-08-26T20:14:47","slug":"agaca-dusen-yildirim-yangina-neden-oldu","status":"publish","type":"post","link":"https:\/\/www.egemtv.com\/?p=51409","title":{"rendered":"A\u011faca d\u00fc\u015fen y\u0131ld\u0131r\u0131m yang\u0131na neden oldu"},"content":{"rendered":"<p>Burdur\u2019un G\u00f6lhisar il\u00e7esinde a\u011faca d\u00fc\u015fen y\u0131ld\u0131r\u0131m yang\u0131na neden oldu. Ekiplerin h\u0131zl\u0131 m\u00fcdahalesiyle alevler b\u00fcy\u00fcmeden s\u00f6nd\u00fcr\u00fcld\u00fc.<br \/>\n<br \/>Yang\u0131n, ak\u015fam saatlerinde G\u00f6lhisar il\u00e7esi Ko\u00e7a\u015f Da\u011f\u0131\u2019nda meydana geldi. Edinilen bilgiye g\u00f6re, bir a\u011faca y\u0131ld\u0131r\u0131m d\u00fc\u015fmesi sonucu yang\u0131n \u00e7\u0131kt\u0131. Alevleri g\u00f6ren vatanda\u015flar\u0131n ihbar\u0131 \u00fczerine b\u00f6lgeye orman ve itfaiye ekipleri sevk edildi. Ekiplerin h\u0131zl\u0131 m\u00fcdahalesiyle yang\u0131n k\u0131sa s\u00fcrede kontrol alt\u0131na al\u0131narak, \u00e7evreye yay\u0131lmas\u0131 \u00f6nlendi.<br \/><\/p>\n","protected":false},"excerpt":{"rendered":"<p>Burdur\u2019un G\u00f6lhisar il\u00e7esinde a\u011faca d\u00fc\u015fen y\u0131ld\u0131r\u0131m yang\u0131na neden oldu. Ekiplerin h\u0131zl\u0131 m\u00fcdahalesiyle alevler b\u00fcy\u00fcmeden s\u00f6nd\u00fcr\u00fcld\u00fc. Yang\u0131n, ak\u015fam saatlerinde G\u00f6lhisar il\u00e7esi Ko\u00e7a\u015f Da\u011f\u0131\u2019nda meydana geldi. Edinilen bilgiye g\u00f6re, bir a\u011faca y\u0131ld\u0131r\u0131m d\u00fc\u015fmesi sonucu yang\u0131n \u00e7\u0131kt\u0131. Alevleri g\u00f6ren vatanda\u015flar\u0131n ihbar\u0131 \u00fczerine b\u00f6lgeye orman ve itfaiye ekipleri sevk edildi. Ekiplerin h\u0131zl\u0131 m\u00fcdahalesiyle yang\u0131n k\u0131sa s\u00fcrede kontrol alt\u0131na al\u0131narak,&#8230;<\/p>\n","protected":false},"author":1,"featured_media":51410,"comment_status":"open","ping_status":"open","sticky":false,"template":"","format":"standard","meta":{"_crdt_document":"","footnotes":""},"categories":[5],"tags":[],"class_list":["post-51409","post","type-post","status-publish","format-standard","has-post-thumbnail","hentry","category-asayis"],"_links":{"self":[{"href":"https:\/\/www.egemtv.com\/index.php?rest_route=\/wp\/v2\/posts\/51409","targetHints":{"allow":["GET"]}}],"collection":[{"href":"https:\/\/www.egemtv.com\/index.php?rest_route=\/wp\/v2\/posts"}],"about":[{"href":"https:\/\/www.egemtv.com\/index.php?rest_route=\/wp\/v2\/types\/post"}],"author":[{"embeddable":true,"href":"https:\/\/www.egemtv.com\/index.php?rest_route=\/wp\/v2\/users\/1"}],"replies":[{"embeddable":true,"href":"https:\/\/www.egemtv.com\/index.php?rest_route=%2Fwp%2Fv2%2Fcomments&post=51409"}],"version-history":[{"count":1,"href":"https:\/\/www.egemtv.com\/index.php?rest_route=\/wp\/v2\/posts\/51409\/revisions"}],"predecessor-version":[{"id":51411,"href":"https:\/\/www.egemtv.com\/index.php?rest_route=\/wp\/v2\/posts\/51409\/revisions\/51411"}],"wp:featuredmedia":[{"embeddable":true,"href":"https:\/\/www.egemtv.com\/index.php?rest_route=\/wp\/v2\/media\/51410"}],"wp:attachment":[{"href":"https:\/\/www.egemtv.com\/index.php?rest_route=%2Fwp%2Fv2%2Fmedia&parent=51409"}],"wp:term":[{"taxonomy":"category","embeddable":true,"href":"https:\/\/www.egemtv.com\/index.php?rest_route=%2Fwp%2Fv2%2Fcategories&post=51409"},{"taxonomy":"post_tag","embeddable":true,"href":"https:\/\/www.egemtv.com\/index.php?rest_route=%2Fwp%2Fv2%2Ftags&post=51409"}],"curies":[{"name":"wp","href":"https:\/\/api.w.org\/{rel}","templated":true}]}}