{"id":51406,"date":"2025-08-26T21:15:54","date_gmt":"2025-08-26T18:15:54","guid":{"rendered":"https:\/\/www.egemtv.com\/?p=51406"},"modified":"2025-08-26T21:15:55","modified_gmt":"2025-08-26T18:15:55","slug":"yangin-sonrasi-miniklerden-ornek-davranis","status":"publish","type":"post","link":"https:\/\/www.egemtv.com\/?p=51406","title":{"rendered":"Yang\u0131n sonras\u0131 miniklerden \u00f6rnek davran\u0131\u015f"},"content":{"rendered":"<p>Manisa\u2019n\u0131n Soma il\u00e7esinde ya\u015fayan \u00e7ocuklar, k\u0131sa s\u00fcre \u00f6nce yang\u0131n \u00e7\u0131kan ormanl\u0131k alanda temizlik yaparak b\u00fcy\u00fcklerine \u00f6rnek oldu.<br \/>\n<br \/>Soma TOK\u0130 konutlar\u0131nda oturan Berat G\u00fcltepe, Mert Gidici, Ertu\u011frul Gidici ve Ahmet Talha Kahraman, site \u00e7evresindeki ormanl\u0131k alanda temizlik \u00e7al\u0131\u015fmas\u0131 ger\u00e7ekle\u015ftirdi. \u00c7ocuklar, \u00e7evreye at\u0131lan cam \u015fi\u015feler ve \u00e7\u00f6pleri toplayarak \u00e7evre duyarl\u0131l\u0131\u011f\u0131 konusunda \u00f6rnek bir davran\u0131\u015f sergiledi.<br \/>\n<br \/>K\u0131sa s\u00fcre \u00f6nce ayn\u0131 b\u00f6lgede \u00e7\u0131kan yang\u0131nda onlarca a\u011fac\u0131n yand\u0131\u011f\u0131n\u0131 hat\u0131rlatan \u00e7ocuklar, \u00e7evrenin kirletilmemesi gerekti\u011fine dikkat \u00e7ekti. Kendi kurduklar\u0131 TOK\u0130 Futbol Kul\u00fcb\u00fc ile hem spor yapt\u0131klar\u0131n\u0131 hem de sosyal sorumluluk faaliyetlerine \u00f6nem verdiklerini belirten Berat G\u00fcltepe, &#8220;Bizler gen\u00e7ler olarak \u00e7evremize sahip \u00e7\u0131kmak istiyoruz. Ormanlar\u0131m\u0131z\u0131 kirletmeyelim, cam \u015fi\u015feler atmayal\u0131m. Ge\u00e7ti\u011fimiz g\u00fcnlerde burada \u00e7\u0131kan yang\u0131nda \u00e7ok say\u0131da a\u011fac\u0131m\u0131z yand\u0131, i\u00e7imiz s\u0131zlad\u0131. B\u00fcy\u00fcklerimiz bizlere \u00f6rnek olsunlar. Hep birlikte \u00e7evremizi temiz tutal\u0131m.&#8221; dedi.<br \/><\/p>\n","protected":false},"excerpt":{"rendered":"<p>Manisa\u2019n\u0131n Soma il\u00e7esinde ya\u015fayan \u00e7ocuklar, k\u0131sa s\u00fcre \u00f6nce yang\u0131n \u00e7\u0131kan ormanl\u0131k alanda temizlik yaparak b\u00fcy\u00fcklerine \u00f6rnek oldu. Soma TOK\u0130 konutlar\u0131nda oturan Berat G\u00fcltepe, Mert Gidici, Ertu\u011frul Gidici ve Ahmet Talha Kahraman, site \u00e7evresindeki ormanl\u0131k alanda temizlik \u00e7al\u0131\u015fmas\u0131 ger\u00e7ekle\u015ftirdi. \u00c7ocuklar, \u00e7evreye at\u0131lan cam \u015fi\u015feler ve \u00e7\u00f6pleri toplayarak \u00e7evre duyarl\u0131l\u0131\u011f\u0131 konusunda \u00f6rnek bir davran\u0131\u015f sergiledi. K\u0131sa s\u00fcre&#8230;<\/p>\n","protected":false},"author":1,"featured_media":51407,"comment_status":"open","ping_status":"open","sticky":false,"template":"","format":"standard","meta":{"_crdt_document":"","footnotes":""},"categories":[1],"tags":[],"class_list":["post-51406","post","type-post","status-publish","format-standard","has-post-thumbnail","hentry","category-guncel"],"_links":{"self":[{"href":"https:\/\/www.egemtv.com\/index.php?rest_route=\/wp\/v2\/posts\/51406","targetHints":{"allow":["GET"]}}],"collection":[{"href":"https:\/\/www.egemtv.com\/index.php?rest_route=\/wp\/v2\/posts"}],"about":[{"href":"https:\/\/www.egemtv.com\/index.php?rest_route=\/wp\/v2\/types\/post"}],"author":[{"embeddable":true,"href":"https:\/\/www.egemtv.com\/index.php?rest_route=\/wp\/v2\/users\/1"}],"replies":[{"embeddable":true,"href":"https:\/\/www.egemtv.com\/index.php?rest_route=%2Fwp%2Fv2%2Fcomments&post=51406"}],"version-history":[{"count":1,"href":"https:\/\/www.egemtv.com\/index.php?rest_route=\/wp\/v2\/posts\/51406\/revisions"}],"predecessor-version":[{"id":51408,"href":"https:\/\/www.egemtv.com\/index.php?rest_route=\/wp\/v2\/posts\/51406\/revisions\/51408"}],"wp:featuredmedia":[{"embeddable":true,"href":"https:\/\/www.egemtv.com\/index.php?rest_route=\/wp\/v2\/media\/51407"}],"wp:attachment":[{"href":"https:\/\/www.egemtv.com\/index.php?rest_route=%2Fwp%2Fv2%2Fmedia&parent=51406"}],"wp:term":[{"taxonomy":"category","embeddable":true,"href":"https:\/\/www.egemtv.com\/index.php?rest_route=%2Fwp%2Fv2%2Fcategories&post=51406"},{"taxonomy":"post_tag","embeddable":true,"href":"https:\/\/www.egemtv.com\/index.php?rest_route=%2Fwp%2Fv2%2Ftags&post=51406"}],"curies":[{"name":"wp","href":"https:\/\/api.w.org\/{rel}","templated":true}]}}