{"id":51403,"date":"2025-08-26T20:34:36","date_gmt":"2025-08-26T17:34:36","guid":{"rendered":"https:\/\/www.egemtv.com\/?p=51403"},"modified":"2025-08-26T20:34:37","modified_gmt":"2025-08-26T17:34:37","slug":"manisada-isik-donanimi-denetiminde-7-arac-trafikten-men-edildi","status":"publish","type":"post","link":"https:\/\/www.egemtv.com\/?p=51403","title":{"rendered":"Manisa\u2019da \u0131\u015f\u0131k donan\u0131m\u0131 denetiminde 7 ara\u00e7 trafikten men edildi"},"content":{"rendered":"<p>Manisa\u2019da emniyet ekiplerince standart d\u0131\u015f\u0131 \u0131\u015f\u0131k donan\u0131m\u0131 ve mevzuata ayk\u0131r\u0131 \u0131\u015f\u0131k kullanan ara\u00e7 ve s\u00fcr\u00fcc\u00fclerine y\u00f6nelik yap\u0131lan denetimlerde 7 ara\u00e7 trafikten men edildi.<br \/>\n<br \/>Manisa \u0130l Emniyet M\u00fcd\u00fcrl\u00fc\u011f\u00fc B\u00f6lge Trafik Denetleme \u015eube M\u00fcd\u00fcrl\u00fc\u011f\u00fc ve ba\u011fl\u0131 istasyon amirliklerince 25 A\u011fustos tarihinde yap\u0131lan denetimlerde standart d\u0131\u015f\u0131 \u0131\u015f\u0131k donan\u0131m\u0131 ve mevzuata ayk\u0131r\u0131 \u0131\u015f\u0131k kullanan ara\u00e7 ve s\u00fcr\u00fcc\u00fcler kontrol edildi.<br \/>\n<br \/>Yap\u0131lan denetimlerde 540 ara\u00e7 ve s\u00fcr\u00fcc\u00fcs\u00fc incelenirken, 7 s\u00fcr\u00fcc\u00fcye ar\u0131zal\u0131 \u0131\u015f\u0131k donan\u0131m\u0131 kullanmaktan, 6 s\u00fcr\u00fcc\u00fcye mevzuata ayk\u0131r\u0131 \u0131\u015f\u0131k donan\u0131m\u0131 takmak ve kullanmaktan, 3 s\u00fcr\u00fcc\u00fcye sis far\u0131 kullanmaktan  ve 1 s\u00fcr\u00fcc\u00fcye teknik de\u011fi\u015fiklikten olmak \u00fczere toplam 18 ara\u00e7 ve s\u00fcr\u00fcc\u00fcs\u00fcne 17 bin 874 TL tutar\u0131nda cezai i\u015flem uyguland\u0131\u011f\u0131 bildirildi. Yap\u0131lan denetimde ayr\u0131ca kusurlu bulunan 7 arac\u0131n ise trafikten men edildi\u011fi a\u00e7\u0131kland\u0131.<br \/><\/p>\n","protected":false},"excerpt":{"rendered":"<p>Manisa\u2019da emniyet ekiplerince standart d\u0131\u015f\u0131 \u0131\u015f\u0131k donan\u0131m\u0131 ve mevzuata ayk\u0131r\u0131 \u0131\u015f\u0131k kullanan ara\u00e7 ve s\u00fcr\u00fcc\u00fclerine y\u00f6nelik yap\u0131lan denetimlerde 7 ara\u00e7 trafikten men edildi. Manisa \u0130l Emniyet M\u00fcd\u00fcrl\u00fc\u011f\u00fc B\u00f6lge Trafik Denetleme \u015eube M\u00fcd\u00fcrl\u00fc\u011f\u00fc ve ba\u011fl\u0131 istasyon amirliklerince 25 A\u011fustos tarihinde yap\u0131lan denetimlerde standart d\u0131\u015f\u0131 \u0131\u015f\u0131k donan\u0131m\u0131 ve mevzuata ayk\u0131r\u0131 \u0131\u015f\u0131k kullanan ara\u00e7 ve s\u00fcr\u00fcc\u00fcler kontrol edildi&#8230;.<\/p>\n","protected":false},"author":1,"featured_media":51404,"comment_status":"open","ping_status":"open","sticky":false,"template":"","format":"standard","meta":{"_crdt_document":"","footnotes":""},"categories":[5],"tags":[],"class_list":["post-51403","post","type-post","status-publish","format-standard","has-post-thumbnail","hentry","category-asayis"],"_links":{"self":[{"href":"https:\/\/www.egemtv.com\/index.php?rest_route=\/wp\/v2\/posts\/51403","targetHints":{"allow":["GET"]}}],"collection":[{"href":"https:\/\/www.egemtv.com\/index.php?rest_route=\/wp\/v2\/posts"}],"about":[{"href":"https:\/\/www.egemtv.com\/index.php?rest_route=\/wp\/v2\/types\/post"}],"author":[{"embeddable":true,"href":"https:\/\/www.egemtv.com\/index.php?rest_route=\/wp\/v2\/users\/1"}],"replies":[{"embeddable":true,"href":"https:\/\/www.egemtv.com\/index.php?rest_route=%2Fwp%2Fv2%2Fcomments&post=51403"}],"version-history":[{"count":1,"href":"https:\/\/www.egemtv.com\/index.php?rest_route=\/wp\/v2\/posts\/51403\/revisions"}],"predecessor-version":[{"id":51405,"href":"https:\/\/www.egemtv.com\/index.php?rest_route=\/wp\/v2\/posts\/51403\/revisions\/51405"}],"wp:featuredmedia":[{"embeddable":true,"href":"https:\/\/www.egemtv.com\/index.php?rest_route=\/wp\/v2\/media\/51404"}],"wp:attachment":[{"href":"https:\/\/www.egemtv.com\/index.php?rest_route=%2Fwp%2Fv2%2Fmedia&parent=51403"}],"wp:term":[{"taxonomy":"category","embeddable":true,"href":"https:\/\/www.egemtv.com\/index.php?rest_route=%2Fwp%2Fv2%2Fcategories&post=51403"},{"taxonomy":"post_tag","embeddable":true,"href":"https:\/\/www.egemtv.com\/index.php?rest_route=%2Fwp%2Fv2%2Ftags&post=51403"}],"curies":[{"name":"wp","href":"https:\/\/api.w.org\/{rel}","templated":true}]}}