{"id":51400,"date":"2025-08-26T19:55:37","date_gmt":"2025-08-26T16:55:37","guid":{"rendered":"https:\/\/www.egemtv.com\/?p=51400"},"modified":"2025-08-26T19:55:38","modified_gmt":"2025-08-26T16:55:38","slug":"kutahyada-otomobil-tarlaya-uctu-2-yarali","status":"publish","type":"post","link":"https:\/\/www.egemtv.com\/?p=51400","title":{"rendered":"K\u00fctahya\u2019da otomobil tarlaya u\u00e7tu: 2 yaral\u0131"},"content":{"rendered":"<p>K\u00fctahya\u2019da s\u00fcr\u00fcc\u00fcs\u00fcn\u00fcn direksiyon h\u00e2kimiyetini kaybetti\u011fi otomobil tarlaya u\u00e7tu. Kazada 2 ki\u015fi yaraland\u0131.<br \/>\n<br \/>Kaza, Emet-Hisarc\u0131k karayolu \u0130\u011fdek\u00f6y Mezarl\u0131\u011f\u0131 mevkiinde meydana geldi. Emet istikametinden Hisarc\u0131k il\u00e7esine seyreden Adem K. y\u00f6netimindeki 26 HA 371 plakal\u0131 otomobil, s\u00fcr\u00fcc\u00fcs\u00fcn\u00fcn direksiyon h\u00e2kimiyetini kaybetmesi sonucu yoldan \u00e7\u0131k\u0131p taklalar atarak tarlaya u\u00e7tu. Kazada yaralanan s\u00fcr\u00fcc\u00fc Adem K. ve ara\u00e7ta bulunan Havva K., olay yerine gelen sa\u011fl\u0131k ekipleri taraf\u0131ndan Emet Dr. Faz\u0131l Do\u011fan Devlet Hastanesine kald\u0131r\u0131larak tedavi alt\u0131na al\u0131nd\u0131.<br \/>\n<br \/>Kazayla ilgili soru\u015fturma ba\u015flat\u0131ld\u0131.<br \/><\/p>\n","protected":false},"excerpt":{"rendered":"<p>K\u00fctahya\u2019da s\u00fcr\u00fcc\u00fcs\u00fcn\u00fcn direksiyon h\u00e2kimiyetini kaybetti\u011fi otomobil tarlaya u\u00e7tu. Kazada 2 ki\u015fi yaraland\u0131. Kaza, Emet-Hisarc\u0131k karayolu \u0130\u011fdek\u00f6y Mezarl\u0131\u011f\u0131 mevkiinde meydana geldi. Emet istikametinden Hisarc\u0131k il\u00e7esine seyreden Adem K. y\u00f6netimindeki 26 HA 371 plakal\u0131 otomobil, s\u00fcr\u00fcc\u00fcs\u00fcn\u00fcn direksiyon h\u00e2kimiyetini kaybetmesi sonucu yoldan \u00e7\u0131k\u0131p taklalar atarak tarlaya u\u00e7tu. Kazada yaralanan s\u00fcr\u00fcc\u00fc Adem K. ve ara\u00e7ta bulunan Havva K., olay&#8230;<\/p>\n","protected":false},"author":1,"featured_media":51401,"comment_status":"open","ping_status":"open","sticky":false,"template":"","format":"standard","meta":{"_crdt_document":"","footnotes":""},"categories":[5],"tags":[],"class_list":["post-51400","post","type-post","status-publish","format-standard","has-post-thumbnail","hentry","category-asayis"],"_links":{"self":[{"href":"https:\/\/www.egemtv.com\/index.php?rest_route=\/wp\/v2\/posts\/51400","targetHints":{"allow":["GET"]}}],"collection":[{"href":"https:\/\/www.egemtv.com\/index.php?rest_route=\/wp\/v2\/posts"}],"about":[{"href":"https:\/\/www.egemtv.com\/index.php?rest_route=\/wp\/v2\/types\/post"}],"author":[{"embeddable":true,"href":"https:\/\/www.egemtv.com\/index.php?rest_route=\/wp\/v2\/users\/1"}],"replies":[{"embeddable":true,"href":"https:\/\/www.egemtv.com\/index.php?rest_route=%2Fwp%2Fv2%2Fcomments&post=51400"}],"version-history":[{"count":1,"href":"https:\/\/www.egemtv.com\/index.php?rest_route=\/wp\/v2\/posts\/51400\/revisions"}],"predecessor-version":[{"id":51402,"href":"https:\/\/www.egemtv.com\/index.php?rest_route=\/wp\/v2\/posts\/51400\/revisions\/51402"}],"wp:featuredmedia":[{"embeddable":true,"href":"https:\/\/www.egemtv.com\/index.php?rest_route=\/wp\/v2\/media\/51401"}],"wp:attachment":[{"href":"https:\/\/www.egemtv.com\/index.php?rest_route=%2Fwp%2Fv2%2Fmedia&parent=51400"}],"wp:term":[{"taxonomy":"category","embeddable":true,"href":"https:\/\/www.egemtv.com\/index.php?rest_route=%2Fwp%2Fv2%2Fcategories&post=51400"},{"taxonomy":"post_tag","embeddable":true,"href":"https:\/\/www.egemtv.com\/index.php?rest_route=%2Fwp%2Fv2%2Ftags&post=51400"}],"curies":[{"name":"wp","href":"https:\/\/api.w.org\/{rel}","templated":true}]}}